{"id":792,"date":"2009-12-19T12:26:21","date_gmt":"2009-12-19T10:26:21","guid":{"rendered":"http:\/\/www.voilesdantan.org\/?p=1605"},"modified":"2009-12-19T12:26:21","modified_gmt":"2009-12-19T10:26:21","slug":"endrick-7-m-ji-plan-fife","status":"publish","type":"post","link":"https:\/\/www.voilesdantan.org\/index.php\/2009\/12\/19\/endrick-7-m-ji-plan-fife\/","title":{"rendered":"Endrick &#8211; 7 m JI plan Fife &#8211; 1912"},"content":{"rendered":"<p><span style=\"color: #000080;\"><strong>Endrick<\/strong><\/span><\/p>\n<p>Patron : <span style=\"color: #000000;\"><strong>Liliane B\u00e9chard<\/strong><\/span><\/p>\n<p>Le 7 M\u00e8tre JI Endrick, plan William Fife, est un bateau l\u00e9gendaire du L\u00e9man, un des rares 7 M\u00e8tre encore en \u00e9tat de naviguer.<\/p>\n<div id=\"attachment_800\" style=\"width: 310px\" class=\"wp-caption aligncenter\"><a href=\"https:\/\/i0.wp.com\/www.voilesdantan.org\/wp-content\/uploads\/2009\/12\/Endrick.JPG\"><img data-recalc-dims=\"1\" loading=\"lazy\" decoding=\"async\" aria-describedby=\"caption-attachment-800\" data-attachment-id=\"800\" data-permalink=\"https:\/\/www.voilesdantan.org\/endrick\/\" data-orig-file=\"https:\/\/i0.wp.com\/www.voilesdantan.org\/wp-content\/uploads\/2009\/12\/Endrick.jpg?fit=777%2C519&amp;ssl=1\" data-orig-size=\"777,519\" data-comments-opened=\"1\" data-image-meta=\"{&quot;aperture&quot;:&quot;0&quot;,&quot;credit&quot;:&quot;Emmanuel&quot;,&quot;camera&quot;:&quot;&quot;,&quot;caption&quot;:&quot;&quot;,&quot;created_timestamp&quot;:&quot;1261222416&quot;,&quot;copyright&quot;:&quot;&quot;,&quot;focal_length&quot;:&quot;0&quot;,&quot;iso&quot;:&quot;0&quot;,&quot;shutter_speed&quot;:&quot;0&quot;,&quot;title&quot;:&quot;&quot;,&quot;orientation&quot;:&quot;0&quot;}\" data-image-title=\"Endrick &amp;#8211; Photo Gilles Favez\" data-image-description=\"\" data-image-caption=\"\" data-large-file=\"https:\/\/i0.wp.com\/www.voilesdantan.org\/wp-content\/uploads\/2009\/12\/Endrick.jpg?fit=777%2C519&amp;ssl=1\" class=\"size-medium wp-image-800\" title=\"Endrick\" src=\"https:\/\/i0.wp.com\/www.voilesdantan.org\/wp-content\/uploads\/2009\/12\/Endrick-300x200.jpg?resize=300%2C200\" alt=\"Endrick - Photo Gilles Favez\" width=\"300\" height=\"200\" srcset=\"https:\/\/i0.wp.com\/www.voilesdantan.org\/wp-content\/uploads\/2009\/12\/Endrick.jpg?resize=300%2C200&amp;ssl=1 300w, https:\/\/i0.wp.com\/www.voilesdantan.org\/wp-content\/uploads\/2009\/12\/Endrick.jpg?resize=768%2C513&amp;ssl=1 768w, https:\/\/i0.wp.com\/www.voilesdantan.org\/wp-content\/uploads\/2009\/12\/Endrick.jpg?w=777&amp;ssl=1 777w\" sizes=\"auto, (max-width: 300px) 100vw, 300px\" \/><\/a><p id=\"caption-attachment-800\" class=\"wp-caption-text\">Endrick - Photo Gilles Favez<\/p><\/div>\n<p>Propri\u00e9t\u00e9 depuis bient\u00f4t quarante ans de Claude et Liliane B\u00e9chard, il est ici saisi lors de la r\u00e9gate des Vieux Bateaux avec Daniel Charles comme \u00e9quipier (sous le vent).<\/p>\n","protected":false},"excerpt":{"rendered":"<p class=\"qua-blog-post-description\">Endrick Patron : Liliane B\u00e9chard Le 7 M\u00e8tre JI Endrick, plan William Fife, est un bateau l\u00e9gendaire du L\u00e9man, un des rares 7 M\u00e8tre encore en \u00e9tat de naviguer. Propri\u00e9t\u00e9 depuis bient\u00f4t quarante ans de Claude et Liliane B\u00e9chard, il est ici saisi lors de la r\u00e9gate des Vieux Bateaux avec Daniel Charles comme \u00e9quipier [&hellip;]<\/p>\n","protected":false},"author":1,"featured_media":800,"comment_status":"open","ping_status":"closed","sticky":false,"template":"","format":"standard","meta":{"advanced_seo_description":"","jetpack_seo_html_title":"","jetpack_seo_noindex":false,"jetpack_post_was_ever_published":false,"_jetpack_newsletter_access":"","_jetpack_dont_email_post_to_subs":false,"_jetpack_newsletter_tier_id":0,"_jetpack_memberships_contains_paywalled_content":false,"_jetpack_memberships_contains_paid_content":false,"footnotes":""},"categories":[3],"tags":[],"class_list":["post-792","post","type-post","status-publish","format-standard","has-post-thumbnail","hentry","category-nos-bateaux"],"jetpack_featured_media_url":"https:\/\/i0.wp.com\/www.voilesdantan.org\/wp-content\/uploads\/2009\/12\/Endrick.jpg?fit=777%2C519&ssl=1","jetpack-related-posts":[{"id":2412,"url":"https:\/\/www.voilesdantan.org\/index.php\/2014\/02\/03\/liste-des-voiliers-du-leman-en-1946\/","url_meta":{"origin":792,"position":0},"title":"Liste des voiliers du L\u00e9man en 1946","author":"GrenierFlorent","date":"3 f\u00e9vrier 2014","format":false,"excerpt":"J'ai re\u00e7u il y a quelques temps d\u00e9j\u00e0 une enveloppe quelque peu myst\u00e9rieuse qui \u00e9tait libell\u00e9e ainsi: \"A notre \u00e9minent Pr\u00e9sident et son non moins honorable Tr\u00e9sorier, pour que vive l'AVAL. Amicalement, Jean-Claude (Aux bons soins de Paul)\". Dans cette enveloppe, j'ai eu la joie de d\u00e9couvrir - outre la\u2026","rel":"","context":"Dans &quot;Patrimoine L\u00e9manique&quot;","block_context":{"text":"Patrimoine L\u00e9manique","link":"https:\/\/www.voilesdantan.org\/index.php\/category\/patrimoine-lemanique\/"},"img":{"alt_text":"Liste des voiliers du L\u00e9man - 1946","src":"https:\/\/i0.wp.com\/www.voilesdantan.org\/wp-content\/uploads\/2014\/02\/voiliersduleman1946SNG.jpg?fit=411%2C255&ssl=1&resize=350%2C200","width":350,"height":200},"classes":[]},{"id":40,"url":"https:\/\/www.voilesdantan.org\/index.php\/2009\/04\/24\/ara-650-si-de-1928\/","url_meta":{"origin":792,"position":1},"title":"ARA &#8211; 6.50 Si (1928)","author":"GrenierFlorent","date":"24 avril 2009","format":false,"excerpt":"Ara Patron : Quillard de la s\u00e9rie des 6.50 SI ( \"6 m\u00e8tres 50 de la S\u00e9rie Internationale\", aussi appel\u00e9s \"6.5\" ), initi\u00e9e d\u00e8s 1907 par le Cercle de Voile de Paris en r\u00e9action \u00e0 la \"Jauge Internationale\" de 1906. La fameuse \"JI\" donnait des bateaux \u00e9troits, lourds et profonds\u2026","rel":"","context":"Dans &quot;Nos bateaux&quot;","block_context":{"text":"Nos bateaux","link":"https:\/\/www.voilesdantan.org\/index.php\/category\/nos-bateaux\/"},"img":{"alt_text":"","src":"https:\/\/i0.wp.com\/www.voilesdantan.org\/wp-content\/uploads\/2009\/04\/virginieheriotAmsterdam.jpg?fit=652%2C480&ssl=1&resize=350%2C200","width":350,"height":200,"srcset":"https:\/\/i0.wp.com\/www.voilesdantan.org\/wp-content\/uploads\/2009\/04\/virginieheriotAmsterdam.jpg?fit=652%2C480&ssl=1&resize=350%2C200 1x, https:\/\/i0.wp.com\/www.voilesdantan.org\/wp-content\/uploads\/2009\/04\/virginieheriotAmsterdam.jpg?fit=652%2C480&ssl=1&resize=525%2C300 1.5x"},"classes":[]},{"id":393,"url":"https:\/\/www.voilesdantan.org\/index.php\/2009\/08\/05\/bulletin-annuel-de-la-snlf-1951\/","url_meta":{"origin":792,"position":2},"title":"Bulletin annuel de la SNLF &#8211; 1951","author":"GrenierFlorent","date":"5 ao\u00fbt 2009","format":false,"excerpt":"Vous trouverez ici le copie du Bulletin Annuel de la Soci\u00e9t\u00e9 Nautique du L\u00e9man France n\u00b0 51 de 1951,avec au sommaire : Le CR de l'AG de la Soci\u00e9t\u00e9 Nautique La liste des membres et des bateaux engag\u00e9s dans les r\u00e9gates Les r\u00e9sultats et le programme des r\u00e9gates des 6m\u2026","rel":"","context":"Dans &quot;Patrimoine L\u00e9manique&quot;","block_context":{"text":"Patrimoine L\u00e9manique","link":"https:\/\/www.voilesdantan.org\/index.php\/category\/patrimoine-lemanique\/"},"img":{"alt_text":"","src":"https:\/\/i0.wp.com\/www.voilesdantan.org\/wp-content\/uploads\/2009\/08\/Thonon-1951.png?fit=537%2C538&ssl=1&resize=350%2C200","width":350,"height":200,"srcset":"https:\/\/i0.wp.com\/www.voilesdantan.org\/wp-content\/uploads\/2009\/08\/Thonon-1951.png?fit=537%2C538&ssl=1&resize=350%2C200 1x, https:\/\/i0.wp.com\/www.voilesdantan.org\/wp-content\/uploads\/2009\/08\/Thonon-1951.png?fit=537%2C538&ssl=1&resize=525%2C300 1.5x"},"classes":[]},{"id":322,"url":"https:\/\/www.voilesdantan.org\/index.php\/2009\/08\/05\/simoun-moucheron-1941\/","url_meta":{"origin":792,"position":3},"title":"Simoun &#8211; Moucheron (1941)","author":"GrenierFlorent","date":"5 ao\u00fbt 2009","format":false,"excerpt":"Simoun Patron : Jean-Fran\u00e7ois Trainy, pr\u00e9sident de l'AVAL Le \"Moucheron SNS\" (pour S\u00e9rie Nationale Suisse\") est un plan sign\u00e9 Henry COPPONEX \u00e0 Paris en 1934, alors que le futur c\u00e9l\u00e8bre architecte et r\u00e9gatier y terminait ses \u00e9tudes. Si d'aucuns y voient des lignes inspir\u00e9es du 6,50 SI \"Aigrette III\", gageons\u2026","rel":"","context":"Dans &quot;Nos bateaux&quot;","block_context":{"text":"Nos bateaux","link":"https:\/\/www.voilesdantan.org\/index.php\/category\/nos-bateaux\/"},"img":{"alt_text":"","src":"https:\/\/i0.wp.com\/www.voilesdantan.org\/wp-content\/uploads\/2009\/08\/Simoun11.jpg?fit=640%2C480&ssl=1&resize=350%2C200","width":350,"height":200,"srcset":"https:\/\/i0.wp.com\/www.voilesdantan.org\/wp-content\/uploads\/2009\/08\/Simoun11.jpg?fit=640%2C480&ssl=1&resize=350%2C200 1x, https:\/\/i0.wp.com\/www.voilesdantan.org\/wp-content\/uploads\/2009\/08\/Simoun11.jpg?fit=640%2C480&ssl=1&resize=525%2C300 1.5x"},"classes":[]},{"id":2080,"url":"https:\/\/www.voilesdantan.org\/index.php\/2012\/02\/27\/herreshoff-et-le-leman\/","url_meta":{"origin":792,"position":4},"title":"Herreshoff et le L\u00e9man","author":"GrenierFlorent","date":"27 f\u00e9vrier 2012","format":false,"excerpt":"En voil\u00e0 donc un lien improbable entre \"le meilleur architecte naval de tous les temps\", comme certains n'ont pas h\u00e9sit\u00e9 \u00e0 l'appeler, et \"l'Oc\u00e9an des Alpes\",\u00a0 notre cher L\u00e9man... Nathanael Greene Herreshoff, \"Bristol Wizard\" Encore faudrait-il que ce lien existe: A ma connaissance, il n'y a pas de belle coque\u2026","rel":"","context":"Dans &quot;Patrimoine L\u00e9manique&quot;","block_context":{"text":"Patrimoine L\u00e9manique","link":"https:\/\/www.voilesdantan.org\/index.php\/category\/patrimoine-lemanique\/"},"img":{"alt_text":"","src":"https:\/\/i0.wp.com\/www.voilesdantan.org\/wp-content\/uploads\/2012\/02\/Oriole_NY_30.jpg?resize=350%2C200&ssl=1","width":350,"height":200},"classes":[]},{"id":1054,"url":"https:\/\/www.voilesdantan.org\/index.php\/2010\/05\/30\/le-tiolu-a-laval\/","url_meta":{"origin":792,"position":5},"title":"Le Tiolu \u00e0 l&rsquo;AVAL","author":"GrenierFlorent","date":"30 mai 2010","format":false,"excerpt":"Mais qu'est-ce qu'un \"Tiolu\" ? Certes, ce n'est pas le Dahu, c\u00e9l\u00e8bre animal de nos montagnes... \"Au bord du Lac. Quand chante l'oiseau du temps de Mars, le tiolu, avec ses trois notes modul\u00e9es. Qui sont tout le printemps d\u00e9j\u00e0: ti-ti-ta. On sortait alors les barques...\" (A la recherche du\u2026","rel":"","context":"Dans &quot;Nos bateaux&quot;","block_context":{"text":"Nos bateaux","link":"https:\/\/www.voilesdantan.org\/index.php\/category\/nos-bateaux\/"},"img":{"alt_text":"Un beau profil","src":"https:\/\/i0.wp.com\/www.voilesdantan.org\/wp-content\/uploads\/2010\/04\/Le-Tiolu1.jpg?resize=350%2C200","width":350,"height":200},"classes":[]}],"jetpack_shortlink":"https:\/\/wp.me\/pcN3JF-cM","jetpack_sharing_enabled":true,"_links":{"self":[{"href":"https:\/\/www.voilesdantan.org\/index.php\/wp-json\/wp\/v2\/posts\/792","targetHints":{"allow":["GET"]}}],"collection":[{"href":"https:\/\/www.voilesdantan.org\/index.php\/wp-json\/wp\/v2\/posts"}],"about":[{"href":"https:\/\/www.voilesdantan.org\/index.php\/wp-json\/wp\/v2\/types\/post"}],"author":[{"embeddable":true,"href":"https:\/\/www.voilesdantan.org\/index.php\/wp-json\/wp\/v2\/users\/1"}],"replies":[{"embeddable":true,"href":"https:\/\/www.voilesdantan.org\/index.php\/wp-json\/wp\/v2\/comments?post=792"}],"version-history":[{"count":1,"href":"https:\/\/www.voilesdantan.org\/index.php\/wp-json\/wp\/v2\/posts\/792\/revisions"}],"predecessor-version":[{"id":3776,"href":"https:\/\/www.voilesdantan.org\/index.php\/wp-json\/wp\/v2\/posts\/792\/revisions\/3776"}],"wp:featuredmedia":[{"embeddable":true,"href":"https:\/\/www.voilesdantan.org\/index.php\/wp-json\/wp\/v2\/media\/800"}],"wp:attachment":[{"href":"https:\/\/www.voilesdantan.org\/index.php\/wp-json\/wp\/v2\/media?parent=792"}],"wp:term":[{"taxonomy":"category","embeddable":true,"href":"https:\/\/www.voilesdantan.org\/index.php\/wp-json\/wp\/v2\/categories?post=792"},{"taxonomy":"post_tag","embeddable":true,"href":"https:\/\/www.voilesdantan.org\/index.php\/wp-json\/wp\/v2\/tags?post=792"}],"curies":[{"name":"wp","href":"https:\/\/api.w.org\/{rel}","templated":true}]}}