{"id":72,"date":"2009-05-20T15:26:25","date_gmt":"2009-05-20T13:26:25","guid":{"rendered":"http:\/\/www.voilesdantan.org\/?p=1605"},"modified":"2021-02-09T21:04:49","modified_gmt":"2021-02-09T20:04:49","slug":"lisa","status":"publish","type":"post","link":"https:\/\/www.voilesdantan.org\/index.php\/2009\/05\/20\/lisa\/","title":{"rendered":"Lisa &#8211; 15m SNS (1943)"},"content":{"rendered":"<p style=\"text-align: left;\"><span style=\"color: #000080;\"><strong>Lisa<\/strong><\/span><\/p>\n<p style=\"text-align: left;\">Patron : <strong>Adrian Holloway<\/strong><\/p>\n<p class=\"EC_MsoNormal\">Le bateau Lisa  a \u00e9t\u00e9 mis en circulation en 1943 et construit dans le chantier naval de Corsier-Port selon un plan<a href=\"file:\/\/\/D:\/Site%20de%20l'Aval\/My%20Webs\/Moucheron\/Copponex_-_histoire.doc\"> Copponex<\/a>.<\/p>\n<p class=\"EC_MsoNormal\" style=\"text-align: center;\">\n<div id=\"attachment_302\" style=\"width: 310px\" class=\"wp-caption aligncenter\"><img data-recalc-dims=\"1\" loading=\"lazy\" decoding=\"async\" aria-describedby=\"caption-attachment-302\" data-attachment-id=\"302\" data-permalink=\"https:\/\/www.voilesdantan.org\/lisa2\/\" data-orig-file=\"https:\/\/i0.wp.com\/www.voilesdantan.org\/wp-content\/uploads\/2009\/05\/Lisa2.jpg?fit=640%2C480&amp;ssl=1\" data-orig-size=\"640,480\" data-comments-opened=\"0\" data-image-meta=\"{&quot;aperture&quot;:&quot;6.3&quot;,&quot;credit&quot;:&quot;&quot;,&quot;camera&quot;:&quot;DSC-N1&quot;,&quot;caption&quot;:&quot;&quot;,&quot;created_timestamp&quot;:&quot;1185640126&quot;,&quot;copyright&quot;:&quot;&quot;,&quot;focal_length&quot;:&quot;17.9&quot;,&quot;iso&quot;:&quot;64&quot;,&quot;shutter_speed&quot;:&quot;0.003125&quot;,&quot;title&quot;:&quot;&quot;,&quot;orientation&quot;:&quot;0&quot;}\" data-image-title=\"Lisa2\" data-image-description=\"\" data-image-caption=\"&lt;p&gt;Lisa&lt;\/p&gt;\n\" data-large-file=\"https:\/\/i0.wp.com\/www.voilesdantan.org\/wp-content\/uploads\/2009\/05\/Lisa2.jpg?fit=640%2C480&amp;ssl=1\" class=\"size-medium wp-image-302\" title=\"Lisa2\" src=\"https:\/\/i0.wp.com\/www.voilesdantan.org\/wp-content\/uploads\/2009\/05\/Lisa2-300x225.jpg?resize=300%2C225\" alt=\"Lisa\" width=\"300\" height=\"225\" srcset=\"https:\/\/i0.wp.com\/www.voilesdantan.org\/wp-content\/uploads\/2009\/05\/Lisa2.jpg?resize=300%2C225&amp;ssl=1 300w, https:\/\/i0.wp.com\/www.voilesdantan.org\/wp-content\/uploads\/2009\/05\/Lisa2.jpg?w=640&amp;ssl=1 640w\" sizes=\"auto, (max-width: 300px) 100vw, 300px\" \/><p id=\"caption-attachment-302\" class=\"wp-caption-text\">Lisa<\/p><\/div>\n<p class=\"EC_MsoNormal\">Son premier nom \u00e9tait Mouette, son dernier nom Lisa. Je l\u2019ai achet\u00e9 en mai 2007 et il est en restauration depuis novembre 2007. Le but \u00e9tant de changer 10 tacons, 8 varangues, 25 membrures, de refaire le tableau arri\u00e8re et de\u00a0 supprimer des parties du pont qui ne sont pas conformes au bateau d\u2019origine.<\/p>\n<p class=\"EC_MsoNormal\">La particularit\u00e9 du bateau est qu\u2019il ne b\u00e9n\u00e9ficie pas de certificat de jauge en l\u2019\u00e9tat de mes recherches en d\u00e9pit du fait qu\u2019il ait particip\u00e9 \u00e0 de nombreuses r\u00e9gates avec ses anciens propri\u00e9taires.<\/p>\n<p class=\"EC_MsoNormal\" style=\"text-align: center;\">\n<div id=\"attachment_303\" style=\"width: 235px\" class=\"wp-caption aligncenter\"><img data-recalc-dims=\"1\" loading=\"lazy\" decoding=\"async\" aria-describedby=\"caption-attachment-303\" data-attachment-id=\"303\" data-permalink=\"https:\/\/www.voilesdantan.org\/lisa1\/\" data-orig-file=\"https:\/\/i0.wp.com\/www.voilesdantan.org\/wp-content\/uploads\/2009\/05\/Lisa1.jpg?fit=480%2C640&amp;ssl=1\" data-orig-size=\"480,640\" data-comments-opened=\"0\" data-image-meta=\"{&quot;aperture&quot;:&quot;6.3&quot;,&quot;credit&quot;:&quot;&quot;,&quot;camera&quot;:&quot;DSC-N1&quot;,&quot;caption&quot;:&quot;&quot;,&quot;created_timestamp&quot;:&quot;1185640091&quot;,&quot;copyright&quot;:&quot;&quot;,&quot;focal_length&quot;:&quot;17.9&quot;,&quot;iso&quot;:&quot;64&quot;,&quot;shutter_speed&quot;:&quot;0.003125&quot;,&quot;title&quot;:&quot;&quot;,&quot;orientation&quot;:&quot;0&quot;}\" data-image-title=\"Lisa1\" data-image-description=\"\" data-image-caption=\"&lt;p&gt;Lisa&lt;\/p&gt;\n\" data-large-file=\"https:\/\/i0.wp.com\/www.voilesdantan.org\/wp-content\/uploads\/2009\/05\/Lisa1.jpg?fit=480%2C640&amp;ssl=1\" class=\"size-medium wp-image-303\" title=\"Lisa1\" src=\"https:\/\/i0.wp.com\/www.voilesdantan.org\/wp-content\/uploads\/2009\/05\/Lisa1-225x300.jpg?resize=225%2C300\" alt=\"Lisa\" width=\"225\" height=\"300\" srcset=\"https:\/\/i0.wp.com\/www.voilesdantan.org\/wp-content\/uploads\/2009\/05\/Lisa1.jpg?resize=225%2C300&amp;ssl=1 225w, https:\/\/i0.wp.com\/www.voilesdantan.org\/wp-content\/uploads\/2009\/05\/Lisa1.jpg?w=480&amp;ssl=1 480w\" sizes=\"auto, (max-width: 225px) 100vw, 225px\" \/><p id=\"caption-attachment-303\" class=\"wp-caption-text\">Lisa<\/p><\/div>\n<p class=\"EC_MsoNormal\"><em>Je serais ravi d\u2019en conna\u00eetre plus sur mon bateau et je r\u00e9pondrai avec plaisir \u00e0 toute personne disposant de plus de renseignement. <\/em><\/p>\n<p class=\"EC_MsoNormal\">Adrian <em>+4178 605 33 96<\/em><\/p>\n","protected":false},"excerpt":{"rendered":"<p class=\"qua-blog-post-description\">Lisa Patron : Adrian Holloway Le bateau Lisa a \u00e9t\u00e9 mis en circulation en 1943 et construit dans le chantier naval de Corsier-Port selon un plan Copponex. Son premier nom \u00e9tait Mouette, son dernier nom Lisa. Je l\u2019ai achet\u00e9 en mai 2007 et il est en restauration depuis novembre 2007. Le but \u00e9tant de changer [&hellip;]<\/p>\n","protected":false},"author":1,"featured_media":302,"comment_status":"closed","ping_status":"closed","sticky":false,"template":"","format":"standard","meta":{"advanced_seo_description":"","jetpack_seo_html_title":"","jetpack_seo_noindex":false,"jetpack_post_was_ever_published":false,"_jetpack_newsletter_access":"","_jetpack_dont_email_post_to_subs":false,"_jetpack_newsletter_tier_id":0,"_jetpack_memberships_contains_paywalled_content":false,"_jetpack_memberships_contains_paid_content":false,"footnotes":""},"categories":[3],"tags":[],"class_list":["post-72","post","type-post","status-publish","format-standard","has-post-thumbnail","hentry","category-nos-bateaux"],"jetpack_featured_media_url":"https:\/\/i0.wp.com\/www.voilesdantan.org\/wp-content\/uploads\/2009\/05\/Lisa2.jpg?fit=640%2C480&ssl=1","jetpack-related-posts":[{"id":1054,"url":"https:\/\/www.voilesdantan.org\/index.php\/2010\/05\/30\/le-tiolu-a-laval\/","url_meta":{"origin":72,"position":0},"title":"Le Tiolu \u00e0 l&rsquo;AVAL","author":"GrenierFlorent","date":"30 mai 2010","format":false,"excerpt":"Mais qu'est-ce qu'un \"Tiolu\" ? Certes, ce n'est pas le Dahu, c\u00e9l\u00e8bre animal de nos montagnes... \"Au bord du Lac. Quand chante l'oiseau du temps de Mars, le tiolu, avec ses trois notes modul\u00e9es. Qui sont tout le printemps d\u00e9j\u00e0: ti-ti-ta. On sortait alors les barques...\" (A la recherche du\u2026","rel":"","context":"Dans &quot;Nos bateaux&quot;","block_context":{"text":"Nos bateaux","link":"https:\/\/www.voilesdantan.org\/index.php\/category\/nos-bateaux\/"},"img":{"alt_text":"Un beau profil","src":"https:\/\/i0.wp.com\/www.voilesdantan.org\/wp-content\/uploads\/2010\/04\/Le-Tiolu1.jpg?resize=350%2C200","width":350,"height":200},"classes":[]},{"id":1312,"url":"https:\/\/www.voilesdantan.org\/index.php\/2010\/09\/08\/leman-et-aval-dans-la-revue-bateaux-de-septembre-2010\/","url_meta":{"origin":72,"position":1},"title":"L\u00e9man et AVAL dans la revue BATEAUX de septembre 2010","author":"GrenierFlorent","date":"8 septembre 2010","format":false,"excerpt":"Sous la plume et les photos de V\u00e9ronique CHENEAU, un tr\u00e8s bel article sur le lac L\u00e9man dans la revue BATEAUX n\u00b0 628 de septembre 2010. On y retrouve \u00e9galement un encart sur l'AVAL, pr\u00e9sent\u00e9 par son pr\u00e9sident Jean-Fran\u00e7ois Traini. Ainsi qu'un article sur le prototype \"Puissance 4\" con\u00e7u et\u2026","rel":"","context":"Dans &quot;Patrimoine L\u00e9manique&quot;","block_context":{"text":"Patrimoine L\u00e9manique","link":"https:\/\/www.voilesdantan.org\/index.php\/category\/patrimoine-lemanique\/"},"img":{"alt_text":"","src":"https:\/\/i0.wp.com\/www.voilesdantan.org\/wp-content\/uploads\/2010\/09\/BATEAUX001-300x199.jpg?resize=350%2C200","width":350,"height":200},"classes":[]},{"id":322,"url":"https:\/\/www.voilesdantan.org\/index.php\/2009\/08\/05\/simoun-moucheron-1941\/","url_meta":{"origin":72,"position":2},"title":"Simoun &#8211; Moucheron (1941)","author":"GrenierFlorent","date":"5 ao\u00fbt 2009","format":false,"excerpt":"Simoun Patron : Jean-Fran\u00e7ois Trainy, pr\u00e9sident de l'AVAL Le \"Moucheron SNS\" (pour S\u00e9rie Nationale Suisse\") est un plan sign\u00e9 Henry COPPONEX \u00e0 Paris en 1934, alors que le futur c\u00e9l\u00e8bre architecte et r\u00e9gatier y terminait ses \u00e9tudes. Si d'aucuns y voient des lignes inspir\u00e9es du 6,50 SI \"Aigrette III\", gageons\u2026","rel":"","context":"Dans &quot;Nos bateaux&quot;","block_context":{"text":"Nos bateaux","link":"https:\/\/www.voilesdantan.org\/index.php\/category\/nos-bateaux\/"},"img":{"alt_text":"","src":"https:\/\/i0.wp.com\/www.voilesdantan.org\/wp-content\/uploads\/2009\/08\/Simoun11.jpg?fit=640%2C480&ssl=1&resize=350%2C200","width":350,"height":200,"srcset":"https:\/\/i0.wp.com\/www.voilesdantan.org\/wp-content\/uploads\/2009\/08\/Simoun11.jpg?fit=640%2C480&ssl=1&resize=350%2C200 1x, https:\/\/i0.wp.com\/www.voilesdantan.org\/wp-content\/uploads\/2009\/08\/Simoun11.jpg?fit=640%2C480&ssl=1&resize=525%2C300 1.5x"},"classes":[]},{"id":2361,"url":"https:\/\/www.voilesdantan.org\/index.php\/2013\/11\/22\/guide-du-spectateur-de-regates-voile\/","url_meta":{"origin":72,"position":3},"title":"Guide du spectateur de r\u00e9gates \u00e0 voile","author":"GrenierFlorent","date":"22 novembre 2013","format":false,"excerpt":"Notre ami Jean-Claude a retrouv\u00e9 ce guide \u00e9crit - sans doute dans les ann\u00e9es 50 - par Georges Leblanc, pr\u00e9sident du SNLF (Soci\u00e9t\u00e9 Nautique du L\u00e9man Fran\u00e7ais). \"Le yachting jouit chaque jour davantage de la faveur du public. Le nombre des yachtmen s'accroit d'ann\u00e9e en ann\u00e9e, et les spectateurs paraissent\u2026","rel":"","context":"Dans &quot;Patrimoine L\u00e9manique&quot;","block_context":{"text":"Patrimoine L\u00e9manique","link":"https:\/\/www.voilesdantan.org\/index.php\/category\/patrimoine-lemanique\/"},"img":{"alt_text":"Guide du spectateur de regate a voile","src":"https:\/\/i0.wp.com\/www.voilesdantan.org\/wp-content\/uploads\/2013\/11\/Guide-du-spectateur-de-regate-a-voile.jpg?fit=532%2C667&ssl=1&resize=350%2C200","width":350,"height":200,"srcset":"https:\/\/i0.wp.com\/www.voilesdantan.org\/wp-content\/uploads\/2013\/11\/Guide-du-spectateur-de-regate-a-voile.jpg?fit=532%2C667&ssl=1&resize=350%2C200 1x, https:\/\/i0.wp.com\/www.voilesdantan.org\/wp-content\/uploads\/2013\/11\/Guide-du-spectateur-de-regate-a-voile.jpg?fit=532%2C667&ssl=1&resize=525%2C300 1.5x"},"classes":[]},{"id":1448,"url":"https:\/\/www.voilesdantan.org\/index.php\/2011\/03\/21\/dingh-12\/","url_meta":{"origin":72,"position":4},"title":"Dinghy 12&prime; : HIJSFMIJ 4","author":"GrenierFlorent","date":"21 mars 2011","format":false,"excerpt":"Salut \u00e0 tous... Les bateaux anciens c\u2019est bien. Mais souvent ils ne voyagent pas, ou alors sur l\u2019eau seulement. Moi j\u2019avais envie de d\u00e9couvrir d\u2019autres horizons c\u2019est pourquoi j\u2019ai c\u00e9d\u00e9 \u00e0 l\u2019achat d\u2019un nouveau bateau, petit, l\u00e9ger, avec une remorque pour pouvoir participer \u00e0 quelques \u00e9v\u00e8nements sur d\u2019autres lacs, mers,\u2026","rel":"","context":"Dans &quot;Nos bateaux&quot;","block_context":{"text":"Nos bateaux","link":"https:\/\/www.voilesdantan.org\/index.php\/category\/nos-bateaux\/"},"img":{"alt_text":"","src":"https:\/\/i0.wp.com\/www.voilesdantan.org\/wp-content\/uploads\/2011\/03\/sylvia_1.jpg?fit=400%2C250&ssl=1&resize=350%2C200","width":350,"height":200},"classes":[]},{"id":166,"url":"https:\/\/www.voilesdantan.org\/index.php\/2009\/06\/20\/villanelle-corsaire\/","url_meta":{"origin":72,"position":5},"title":"Villanelle &#8211; Corsaire Meulan (1964)","author":"GrenierFlorent","date":"20 juin 2009","format":false,"excerpt":"Villanelle Patron : Yves Jeanne Le Corsaire a \u00e9t\u00e9 dessin\u00e9 en 1953 par Jean-Jacques Herbulot, architecte et r\u00e9gatier hors pair (plusieurs participations aux jeux olympiques en Star), \u00e0 la demande de Philippe Viannay, cr\u00e9ateur du Centre Nautique des Gl\u00e9nans qui cherchait un bateau d\u2019initiation \u00e0 la croisi\u00e8re. D\u00e8s sa sortie,\u2026","rel":"","context":"Dans &quot;Nos bateaux&quot;","block_context":{"text":"Nos bateaux","link":"https:\/\/www.voilesdantan.org\/index.php\/category\/nos-bateaux\/"},"img":{"alt_text":"","src":"https:\/\/i0.wp.com\/www.voilesdantan.org\/wp-content\/uploads\/2009\/06\/Villanelle1.jpg?fit=640%2C480&ssl=1&resize=350%2C200","width":350,"height":200,"srcset":"https:\/\/i0.wp.com\/www.voilesdantan.org\/wp-content\/uploads\/2009\/06\/Villanelle1.jpg?fit=640%2C480&ssl=1&resize=350%2C200 1x, https:\/\/i0.wp.com\/www.voilesdantan.org\/wp-content\/uploads\/2009\/06\/Villanelle1.jpg?fit=640%2C480&ssl=1&resize=525%2C300 1.5x"},"classes":[]}],"jetpack_shortlink":"https:\/\/wp.me\/scN3JF-lisa","jetpack_sharing_enabled":true,"_links":{"self":[{"href":"https:\/\/www.voilesdantan.org\/index.php\/wp-json\/wp\/v2\/posts\/72","targetHints":{"allow":["GET"]}}],"collection":[{"href":"https:\/\/www.voilesdantan.org\/index.php\/wp-json\/wp\/v2\/posts"}],"about":[{"href":"https:\/\/www.voilesdantan.org\/index.php\/wp-json\/wp\/v2\/types\/post"}],"author":[{"embeddable":true,"href":"https:\/\/www.voilesdantan.org\/index.php\/wp-json\/wp\/v2\/users\/1"}],"replies":[{"embeddable":true,"href":"https:\/\/www.voilesdantan.org\/index.php\/wp-json\/wp\/v2\/comments?post=72"}],"version-history":[{"count":1,"href":"https:\/\/www.voilesdantan.org\/index.php\/wp-json\/wp\/v2\/posts\/72\/revisions"}],"predecessor-version":[{"id":3887,"href":"https:\/\/www.voilesdantan.org\/index.php\/wp-json\/wp\/v2\/posts\/72\/revisions\/3887"}],"wp:featuredmedia":[{"embeddable":true,"href":"https:\/\/www.voilesdantan.org\/index.php\/wp-json\/wp\/v2\/media\/302"}],"wp:attachment":[{"href":"https:\/\/www.voilesdantan.org\/index.php\/wp-json\/wp\/v2\/media?parent=72"}],"wp:term":[{"taxonomy":"category","embeddable":true,"href":"https:\/\/www.voilesdantan.org\/index.php\/wp-json\/wp\/v2\/categories?post=72"},{"taxonomy":"post_tag","embeddable":true,"href":"https:\/\/www.voilesdantan.org\/index.php\/wp-json\/wp\/v2\/tags?post=72"}],"curies":[{"name":"wp","href":"https:\/\/api.w.org\/{rel}","templated":true}]}}