{"id":673,"date":"2009-11-05T08:49:01","date_gmt":"2009-11-05T06:49:01","guid":{"rendered":"http:\/\/www.voilesdantan.org\/?p=1605"},"modified":"2009-11-05T08:49:01","modified_gmt":"2009-11-05T06:49:01","slug":"greer-un-canoe","status":"publish","type":"post","link":"https:\/\/www.voilesdantan.org\/index.php\/2009\/11\/05\/greer-un-canoe\/","title":{"rendered":"Gr\u00e9er un cano\u00e9"},"content":{"rendered":"<p>Ca peut int\u00e9resser pas mal de monde &#8230; ou quelques id\u00e9es pour <a href=\"http:\/\/andypink.wordpress.com\/2008\/09\/11\/propulser-son-kayak-avec-le-vent-suite-du-kayak-a-voiles\/\" target=\"_blank\" rel=\"noopener\">propuler un kayak ou un cano\u00e9 avec le vent<\/a>.<\/p>\n<p><img data-recalc-dims=\"1\" loading=\"lazy\" decoding=\"async\" data-attachment-id=\"674\" data-permalink=\"https:\/\/www.voilesdantan.org\/r49-voile-1\/\" data-orig-file=\"https:\/\/i0.wp.com\/www.voilesdantan.org\/wp-content\/uploads\/2009\/11\/r49-voile-1.jpg?fit=300%2C234&amp;ssl=1\" data-orig-size=\"300,234\" data-comments-opened=\"1\" data-image-meta=\"{&quot;aperture&quot;:&quot;0&quot;,&quot;credit&quot;:&quot;&quot;,&quot;camera&quot;:&quot;&quot;,&quot;caption&quot;:&quot;&quot;,&quot;created_timestamp&quot;:&quot;0&quot;,&quot;copyright&quot;:&quot;&quot;,&quot;focal_length&quot;:&quot;0&quot;,&quot;iso&quot;:&quot;0&quot;,&quot;shutter_speed&quot;:&quot;0&quot;,&quot;title&quot;:&quot;&quot;,&quot;orientation&quot;:&quot;0&quot;}\" data-image-title=\"Cano\u00e9 gr\u00e9\u00e9\" data-image-description=\"\" data-image-caption=\"\" data-large-file=\"https:\/\/i0.wp.com\/www.voilesdantan.org\/wp-content\/uploads\/2009\/11\/r49-voile-1.jpg?fit=300%2C234&amp;ssl=1\" class=\"aligncenter size-full wp-image-674\" title=\"Cano\u00e9 gr\u00e9\u00e9\" src=\"https:\/\/i0.wp.com\/www.voilesdantan.org\/wp-content\/uploads\/2009\/11\/r49-voile-1.jpg?resize=300%2C234\" alt=\"Cano\u00e9 gr\u00e9\u00e9\" width=\"300\" height=\"234\" \/><\/p>\n<p>A voir en compl\u00e9ment : l&rsquo;<a href=\"http:\/\/www.voilesdantan.org\/index.php\/la-voile-en-kayak-a-essayer\" target=\"_blank\" rel=\"noopener\">article de Yves Jeanne<\/a> qui a essay\u00e9, et adopt\u00e9 !<\/p>\n","protected":false},"excerpt":{"rendered":"<p class=\"qua-blog-post-description\">Ca peut int\u00e9resser pas mal de monde &#8230; ou quelques id\u00e9es pour propuler un kayak ou un cano\u00e9 avec le vent. A voir en compl\u00e9ment : l&rsquo;article de Yves Jeanne qui a essay\u00e9, et adopt\u00e9 !<\/p>\n","protected":false},"author":1,"featured_media":674,"comment_status":"open","ping_status":"closed","sticky":false,"template":"","format":"standard","meta":{"advanced_seo_description":"","jetpack_seo_html_title":"","jetpack_seo_noindex":false,"jetpack_post_was_ever_published":false,"_jetpack_newsletter_access":"","_jetpack_dont_email_post_to_subs":false,"_jetpack_newsletter_tier_id":0,"_jetpack_memberships_contains_paywalled_content":false,"_jetpack_memberships_contains_paid_content":false,"footnotes":""},"categories":[6,7,4],"tags":[],"class_list":["post-673","post","type-post","status-publish","format-standard","has-post-thumbnail","hentry","category-dernieres-nouvelles","category-patrimoine-lemanique","category-technique-aval"],"jetpack_featured_media_url":"https:\/\/i0.wp.com\/www.voilesdantan.org\/wp-content\/uploads\/2009\/11\/r49-voile-1.jpg?fit=300%2C234&ssl=1","jetpack-related-posts":[{"id":333,"url":"https:\/\/www.voilesdantan.org\/index.php\/2009\/08\/05\/troy-canoe-rocca-1950\/","url_meta":{"origin":673,"position":0},"title":"Troy &#8211; Cano\u00eb ROCCA (1950)","author":"GrenierFlorent","date":"5 ao\u00fbt 2009","format":false,"excerpt":"Troy Patron : Paul Loridant Cano\u00eb ROCCA de 1950, en accajou, longueur = 4,98 m.","rel":"","context":"Dans &quot;Nos bateaux&quot;","block_context":{"text":"Nos bateaux","link":"https:\/\/www.voilesdantan.org\/index.php\/category\/nos-bateaux\/"},"img":{"alt_text":"","src":"https:\/\/i0.wp.com\/www.voilesdantan.org\/wp-content\/uploads\/2009\/08\/Troy11.jpg?fit=600%2C450&ssl=1&resize=350%2C200","width":350,"height":200,"srcset":"https:\/\/i0.wp.com\/www.voilesdantan.org\/wp-content\/uploads\/2009\/08\/Troy11.jpg?fit=600%2C450&ssl=1&resize=350%2C200 1x, https:\/\/i0.wp.com\/www.voilesdantan.org\/wp-content\/uploads\/2009\/08\/Troy11.jpg?fit=600%2C450&ssl=1&resize=525%2C300 1.5x"},"classes":[]},{"id":3565,"url":"https:\/\/www.voilesdantan.org\/index.php\/2016\/12\/11\/mois-de-decembre-a-laval-taquet\/","url_meta":{"origin":673,"position":1},"title":"Le mois de d\u00e9cembre \u00e0 l&rsquo;AVAL: Au taquet","author":"GrenierFlorent","date":"11 d\u00e9cembre 2016","format":false,"excerpt":"Le froid et la brouillard de ces derniers jours n'emp\u00eachent pas de travailler (un peu) sur nos bateaux! J'ai commenc\u00e9 il\u00a0y a quelques temps \u00e0 travailler sur mon\u00a0gr\u00e9ement et ai entre-autres d\u00e9saccastill\u00e9 mon m\u00e2t pour le revernir. Les taquets en nylon des ann\u00e9es 60 sont bien fatigu\u00e9s, mais plut\u00f4t que\u2026","rel":"","context":"Dans &quot;Derni\u00e8res nouvelles&quot;","block_context":{"text":"Derni\u00e8res nouvelles","link":"https:\/\/www.voilesdantan.org\/index.php\/category\/dernieres-nouvelles\/"},"img":{"alt_text":"","src":"https:\/\/i0.wp.com\/www.voilesdantan.org\/wp-content\/uploads\/2016\/12\/IMG_20160714_215603.jpg?fit=800%2C450&ssl=1&resize=350%2C200","width":350,"height":200,"srcset":"https:\/\/i0.wp.com\/www.voilesdantan.org\/wp-content\/uploads\/2016\/12\/IMG_20160714_215603.jpg?fit=800%2C450&ssl=1&resize=350%2C200 1x, https:\/\/i0.wp.com\/www.voilesdantan.org\/wp-content\/uploads\/2016\/12\/IMG_20160714_215603.jpg?fit=800%2C450&ssl=1&resize=525%2C300 1.5x, https:\/\/i0.wp.com\/www.voilesdantan.org\/wp-content\/uploads\/2016\/12\/IMG_20160714_215603.jpg?fit=800%2C450&ssl=1&resize=700%2C400 2x"},"classes":[]},{"id":1216,"url":"https:\/\/www.voilesdantan.org\/index.php\/2010\/06\/21\/un-canot-pour-un-projet-associatif\/","url_meta":{"origin":673,"position":2},"title":"Un canot pour un projet associatif","author":"GrenierFlorent","date":"21 juin 2010","format":false,"excerpt":"C'est la deuxi\u00e8me fois que notre association d\u00e9roge \u00e0 la r\u00e8gle qui veut que tout bateau qui rentre dans nos locaux ait un propri\u00e9taire, y compris ceux qu'on nous donne et que nous ne reprenons qu'apr\u00e8s avoir trouv\u00e9 un passionn\u00e9 susceptible de mener \u00e0 bien la restauration qui lui permettra\u2026","rel":"","context":"Dans &quot;Patrimoine L\u00e9manique&quot;","block_context":{"text":"Patrimoine L\u00e9manique","link":"https:\/\/www.voilesdantan.org\/index.php\/category\/patrimoine-lemanique\/"},"img":{"alt_text":"","src":"https:\/\/i0.wp.com\/www.voilesdantan.org\/wp-content\/uploads\/2010\/06\/10-Attelee-avec-la-Yole12x9.jpg?fit=360%2C270&ssl=1&resize=350%2C200","width":350,"height":200},"classes":[]},{"id":2078,"url":"https:\/\/www.voilesdantan.org\/index.php\/2012\/02\/24\/snipe-deriveur-leman\/","url_meta":{"origin":673,"position":3},"title":"Snipe : Les belles ann\u00e9es des d\u00e9riveurs du L\u00e9man","author":"GrenierFlorent","date":"24 f\u00e9vrier 2012","format":false,"excerpt":"\"Avec ce bateau vous ne sortirez jamais du port !...\" Le moral \u00e9tait d\u00e9j\u00e0 bas, pour nous marins d'eau douce, livr\u00e9s \u00e0 une mer d\u00e9cha\u00een\u00e9e, et ces paroles d'un loup de mer achev\u00e8rent de nous \u00f4ter le plaisir que nous avions \u00e0 participer aux Championnats de France. Par contre, l'\u2026","rel":"","context":"Dans &quot;Patrimoine L\u00e9manique&quot;","block_context":{"text":"Patrimoine L\u00e9manique","link":"https:\/\/www.voilesdantan.org\/index.php\/category\/patrimoine-lemanique\/"},"img":{"alt_text":"","src":"https:\/\/i0.wp.com\/www.voilesdantan.org\/wp-content\/uploads\/2012\/02\/snipes.jpg?fit=449%2C317&ssl=1&resize=350%2C200","width":350,"height":200},"classes":[]},{"id":1781,"url":"https:\/\/www.voilesdantan.org\/index.php\/2011\/10\/10\/mise-a-leau-de-volja\/","url_meta":{"origin":673,"position":4},"title":"Mise \u00e0 l&rsquo;eau de volja","author":"GrenierFlorent","date":"10 octobre 2011","format":false,"excerpt":"Apr\u00e8s 2 ann\u00e9es de travaux, pose d'un nouveau lest et remplacement du tube jaumi\u00e8re, le Primaat volja d'Emmanuel, notre tr\u00e9sorier et webmestre, a \u00e9t\u00e9 mis \u00e0 l'eau mercredi 5 octobre. volja flotte bien dans ses lignes et va retrouver son nouveau port d'attache, Nernier. Un grand merci \u00e0 tous ceux\u2026","rel":"","context":"Dans &quot;Nos bateaux&quot;","block_context":{"text":"Nos bateaux","link":"https:\/\/www.voilesdantan.org\/index.php\/category\/nos-bateaux\/"},"img":{"alt_text":"","src":"https:\/\/i0.wp.com\/www.voilesdantan.org\/wp-content\/uploads\/2011\/10\/mose-a-leau-2.jpg?fit=600%2C450&ssl=1&resize=350%2C200","width":350,"height":200,"srcset":"https:\/\/i0.wp.com\/www.voilesdantan.org\/wp-content\/uploads\/2011\/10\/mose-a-leau-2.jpg?fit=600%2C450&ssl=1&resize=350%2C200 1x, https:\/\/i0.wp.com\/www.voilesdantan.org\/wp-content\/uploads\/2011\/10\/mose-a-leau-2.jpg?fit=600%2C450&ssl=1&resize=525%2C300 1.5x"},"classes":[]},{"id":2080,"url":"https:\/\/www.voilesdantan.org\/index.php\/2012\/02\/27\/herreshoff-et-le-leman\/","url_meta":{"origin":673,"position":5},"title":"Herreshoff et le L\u00e9man","author":"GrenierFlorent","date":"27 f\u00e9vrier 2012","format":false,"excerpt":"En voil\u00e0 donc un lien improbable entre \"le meilleur architecte naval de tous les temps\", comme certains n'ont pas h\u00e9sit\u00e9 \u00e0 l'appeler, et \"l'Oc\u00e9an des Alpes\",\u00a0 notre cher L\u00e9man... Nathanael Greene Herreshoff, \"Bristol Wizard\" Encore faudrait-il que ce lien existe: A ma connaissance, il n'y a pas de belle coque\u2026","rel":"","context":"Dans &quot;Patrimoine L\u00e9manique&quot;","block_context":{"text":"Patrimoine L\u00e9manique","link":"https:\/\/www.voilesdantan.org\/index.php\/category\/patrimoine-lemanique\/"},"img":{"alt_text":"","src":"https:\/\/i0.wp.com\/www.voilesdantan.org\/wp-content\/uploads\/2012\/02\/Oriole_NY_30.jpg?resize=350%2C200&ssl=1","width":350,"height":200},"classes":[]}],"jetpack_shortlink":"https:\/\/wp.me\/pcN3JF-aR","jetpack_sharing_enabled":true,"_links":{"self":[{"href":"https:\/\/www.voilesdantan.org\/index.php\/wp-json\/wp\/v2\/posts\/673","targetHints":{"allow":["GET"]}}],"collection":[{"href":"https:\/\/www.voilesdantan.org\/index.php\/wp-json\/wp\/v2\/posts"}],"about":[{"href":"https:\/\/www.voilesdantan.org\/index.php\/wp-json\/wp\/v2\/types\/post"}],"author":[{"embeddable":true,"href":"https:\/\/www.voilesdantan.org\/index.php\/wp-json\/wp\/v2\/users\/1"}],"replies":[{"embeddable":true,"href":"https:\/\/www.voilesdantan.org\/index.php\/wp-json\/wp\/v2\/comments?post=673"}],"version-history":[{"count":0,"href":"https:\/\/www.voilesdantan.org\/index.php\/wp-json\/wp\/v2\/posts\/673\/revisions"}],"wp:featuredmedia":[{"embeddable":true,"href":"https:\/\/www.voilesdantan.org\/index.php\/wp-json\/wp\/v2\/media\/674"}],"wp:attachment":[{"href":"https:\/\/www.voilesdantan.org\/index.php\/wp-json\/wp\/v2\/media?parent=673"}],"wp:term":[{"taxonomy":"category","embeddable":true,"href":"https:\/\/www.voilesdantan.org\/index.php\/wp-json\/wp\/v2\/categories?post=673"},{"taxonomy":"post_tag","embeddable":true,"href":"https:\/\/www.voilesdantan.org\/index.php\/wp-json\/wp\/v2\/tags?post=673"}],"curies":[{"name":"wp","href":"https:\/\/api.w.org\/{rel}","templated":true}]}}