{"id":382,"date":"2009-08-05T22:10:28","date_gmt":"2009-08-05T20:10:28","guid":{"rendered":"http:\/\/www.voilesdantan.org\/?p=1605"},"modified":"2021-02-19T21:16:01","modified_gmt":"2021-02-19T20:16:01","slug":"les-bateaux-de-costaguta-sur-le-leman","status":"publish","type":"post","link":"https:\/\/www.voilesdantan.org\/index.php\/2009\/08\/05\/les-bateaux-de-costaguta-sur-le-leman\/","title":{"rendered":"Les bateaux de Costaguta sur le L\u00e9man"},"content":{"rendered":"<p>De 1908 \u00e0 1912, plusieurs yachts italiens de grande qualit\u00e9 apparaissent dans les eaux genevoises.<\/p>\n<p>Il est int\u00e9ressant de comprendre pourquoi certains navigateurs de la SNG se sont tourn\u00e9s soudain vers le fameux constructeur de Voltri.<\/p>\n<p><a href=\"http:\/\/www.voilesdantan.org\/wp-content\/uploads\/2009\/08\/Costaguta.pdf\"><\/a><a href=\"http:\/\/www.voilesdantan.org\/wp-content\/uploads\/2009\/08\/Costaguta.pdf\">Le 2 tonneaux Calliope et les bateaux de Costaguta sur le L\u00e9man<\/a><\/p>\n","protected":false},"excerpt":{"rendered":"<p class=\"qua-blog-post-description\">De 1908 \u00e0 1912, plusieurs yachts italiens de grande qualit\u00e9 apparaissent dans les eaux genevoises. Il est int\u00e9ressant de comprendre pourquoi certains navigateurs de la SNG se sont tourn\u00e9s soudain vers le fameux constructeur de Voltri. Le 2 tonneaux Calliope et les bateaux de Costaguta sur le L\u00e9man<\/p>\n","protected":false},"author":1,"featured_media":3946,"comment_status":"closed","ping_status":"closed","sticky":false,"template":"","format":"standard","meta":{"advanced_seo_description":"","jetpack_seo_html_title":"","jetpack_seo_noindex":false,"jetpack_post_was_ever_published":false,"_jetpack_newsletter_access":"","_jetpack_dont_email_post_to_subs":false,"_jetpack_newsletter_tier_id":0,"_jetpack_memberships_contains_paywalled_content":false,"_jetpack_memberships_contains_paid_content":false,"footnotes":""},"categories":[7],"tags":[],"class_list":["post-382","post","type-post","status-publish","format-standard","has-post-thumbnail","hentry","category-patrimoine-lemanique"],"jetpack_featured_media_url":"https:\/\/i0.wp.com\/www.voilesdantan.org\/wp-content\/uploads\/2009\/08\/Titania.png?fit=566%2C524&ssl=1","jetpack-related-posts":[{"id":1312,"url":"https:\/\/www.voilesdantan.org\/index.php\/2010\/09\/08\/leman-et-aval-dans-la-revue-bateaux-de-septembre-2010\/","url_meta":{"origin":382,"position":0},"title":"L\u00e9man et AVAL dans la revue BATEAUX de septembre 2010","author":"GrenierFlorent","date":"8 septembre 2010","format":false,"excerpt":"Sous la plume et les photos de V\u00e9ronique CHENEAU, un tr\u00e8s bel article sur le lac L\u00e9man dans la revue BATEAUX n\u00b0 628 de septembre 2010. On y retrouve \u00e9galement un encart sur l'AVAL, pr\u00e9sent\u00e9 par son pr\u00e9sident Jean-Fran\u00e7ois Traini. Ainsi qu'un article sur le prototype \"Puissance 4\" con\u00e7u et\u2026","rel":"","context":"Dans &quot;Patrimoine L\u00e9manique&quot;","block_context":{"text":"Patrimoine L\u00e9manique","link":"https:\/\/www.voilesdantan.org\/index.php\/category\/patrimoine-lemanique\/"},"img":{"alt_text":"","src":"https:\/\/i0.wp.com\/www.voilesdantan.org\/wp-content\/uploads\/2010\/09\/BATEAUX001-300x199.jpg?resize=350%2C200","width":350,"height":200},"classes":[]},{"id":1319,"url":"https:\/\/www.voilesdantan.org\/index.php\/2010\/09\/08\/journees-portes-ouvertes-a-laval-le-dimanche-19-septembre\/","url_meta":{"origin":382,"position":1},"title":"Journ\u00e9es portes ouvertes \u00e0 l&rsquo;AVAL le dimanche 19 septembre","author":"GrenierFlorent","date":"8 septembre 2010","format":false,"excerpt":"Dans le cadre des \"Journ\u00e9es europ\u00e9ennes du Patrimoine\", l'association Atelier des Voiles d'Antan du L\u00e9man est heureuse de vous convier \u00e0 une journ\u00e9e \"Portes ouvertes\" le Dimanche 19 Septembre 2010 de 9 heures \u00e0 16 heures, 994 route du Lac \u00e0 Chens sur L\u00e9man. Un ap\u00e9ritif sera servi \u00e0 partir\u2026","rel":"","context":"Dans &quot;Derni\u00e8res nouvelles&quot;","block_context":{"text":"Derni\u00e8res nouvelles","link":"https:\/\/www.voilesdantan.org\/index.php\/category\/dernieres-nouvelles\/"},"img":{"alt_text":"","src":"https:\/\/i0.wp.com\/www.voilesdantan.org\/wp-content\/uploads\/2010\/09\/P10104891-300x225.jpg?resize=350%2C200","width":350,"height":200},"classes":[]},{"id":2412,"url":"https:\/\/www.voilesdantan.org\/index.php\/2014\/02\/03\/liste-des-voiliers-du-leman-en-1946\/","url_meta":{"origin":382,"position":2},"title":"Liste des voiliers du L\u00e9man en 1946","author":"GrenierFlorent","date":"3 f\u00e9vrier 2014","format":false,"excerpt":"J'ai re\u00e7u il y a quelques temps d\u00e9j\u00e0 une enveloppe quelque peu myst\u00e9rieuse qui \u00e9tait libell\u00e9e ainsi: \"A notre \u00e9minent Pr\u00e9sident et son non moins honorable Tr\u00e9sorier, pour que vive l'AVAL. Amicalement, Jean-Claude (Aux bons soins de Paul)\". Dans cette enveloppe, j'ai eu la joie de d\u00e9couvrir - outre la\u2026","rel":"","context":"Dans &quot;Patrimoine L\u00e9manique&quot;","block_context":{"text":"Patrimoine L\u00e9manique","link":"https:\/\/www.voilesdantan.org\/index.php\/category\/patrimoine-lemanique\/"},"img":{"alt_text":"Liste des voiliers du L\u00e9man - 1946","src":"https:\/\/i0.wp.com\/www.voilesdantan.org\/wp-content\/uploads\/2014\/02\/voiliersduleman1946SNG.jpg?fit=411%2C255&ssl=1&resize=350%2C200","width":350,"height":200},"classes":[]},{"id":2078,"url":"https:\/\/www.voilesdantan.org\/index.php\/2012\/02\/24\/snipe-deriveur-leman\/","url_meta":{"origin":382,"position":3},"title":"Snipe : Les belles ann\u00e9es des d\u00e9riveurs du L\u00e9man","author":"GrenierFlorent","date":"24 f\u00e9vrier 2012","format":false,"excerpt":"\"Avec ce bateau vous ne sortirez jamais du port !...\" Le moral \u00e9tait d\u00e9j\u00e0 bas, pour nous marins d'eau douce, livr\u00e9s \u00e0 une mer d\u00e9cha\u00een\u00e9e, et ces paroles d'un loup de mer achev\u00e8rent de nous \u00f4ter le plaisir que nous avions \u00e0 participer aux Championnats de France. Par contre, l'\u2026","rel":"","context":"Dans &quot;Patrimoine L\u00e9manique&quot;","block_context":{"text":"Patrimoine L\u00e9manique","link":"https:\/\/www.voilesdantan.org\/index.php\/category\/patrimoine-lemanique\/"},"img":{"alt_text":"","src":"https:\/\/i0.wp.com\/www.voilesdantan.org\/wp-content\/uploads\/2012\/02\/snipes.jpg?fit=449%2C317&ssl=1&resize=350%2C200","width":350,"height":200},"classes":[]},{"id":393,"url":"https:\/\/www.voilesdantan.org\/index.php\/2009\/08\/05\/bulletin-annuel-de-la-snlf-1951\/","url_meta":{"origin":382,"position":4},"title":"Bulletin annuel de la SNLF &#8211; 1951","author":"GrenierFlorent","date":"5 ao\u00fbt 2009","format":false,"excerpt":"Vous trouverez ici le copie du Bulletin Annuel de la Soci\u00e9t\u00e9 Nautique du L\u00e9man France n\u00b0 51 de 1951,avec au sommaire : Le CR de l'AG de la Soci\u00e9t\u00e9 Nautique La liste des membres et des bateaux engag\u00e9s dans les r\u00e9gates Les r\u00e9sultats et le programme des r\u00e9gates des 6m\u2026","rel":"","context":"Dans &quot;Patrimoine L\u00e9manique&quot;","block_context":{"text":"Patrimoine L\u00e9manique","link":"https:\/\/www.voilesdantan.org\/index.php\/category\/patrimoine-lemanique\/"},"img":{"alt_text":"","src":"https:\/\/i0.wp.com\/www.voilesdantan.org\/wp-content\/uploads\/2009\/08\/Thonon-1951.png?fit=537%2C538&ssl=1&resize=350%2C200","width":350,"height":200,"srcset":"https:\/\/i0.wp.com\/www.voilesdantan.org\/wp-content\/uploads\/2009\/08\/Thonon-1951.png?fit=537%2C538&ssl=1&resize=350%2C200 1x, https:\/\/i0.wp.com\/www.voilesdantan.org\/wp-content\/uploads\/2009\/08\/Thonon-1951.png?fit=537%2C538&ssl=1&resize=525%2C300 1.5x"},"classes":[]},{"id":2080,"url":"https:\/\/www.voilesdantan.org\/index.php\/2012\/02\/27\/herreshoff-et-le-leman\/","url_meta":{"origin":382,"position":5},"title":"Herreshoff et le L\u00e9man","author":"GrenierFlorent","date":"27 f\u00e9vrier 2012","format":false,"excerpt":"En voil\u00e0 donc un lien improbable entre \"le meilleur architecte naval de tous les temps\", comme certains n'ont pas h\u00e9sit\u00e9 \u00e0 l'appeler, et \"l'Oc\u00e9an des Alpes\",\u00a0 notre cher L\u00e9man... Nathanael Greene Herreshoff, \"Bristol Wizard\" Encore faudrait-il que ce lien existe: A ma connaissance, il n'y a pas de belle coque\u2026","rel":"","context":"Dans &quot;Patrimoine L\u00e9manique&quot;","block_context":{"text":"Patrimoine L\u00e9manique","link":"https:\/\/www.voilesdantan.org\/index.php\/category\/patrimoine-lemanique\/"},"img":{"alt_text":"","src":"https:\/\/i0.wp.com\/www.voilesdantan.org\/wp-content\/uploads\/2012\/02\/Oriole_NY_30.jpg?resize=350%2C200&ssl=1","width":350,"height":200},"classes":[]}],"jetpack_shortlink":"https:\/\/wp.me\/pcN3JF-6a","jetpack_sharing_enabled":true,"_links":{"self":[{"href":"https:\/\/www.voilesdantan.org\/index.php\/wp-json\/wp\/v2\/posts\/382","targetHints":{"allow":["GET"]}}],"collection":[{"href":"https:\/\/www.voilesdantan.org\/index.php\/wp-json\/wp\/v2\/posts"}],"about":[{"href":"https:\/\/www.voilesdantan.org\/index.php\/wp-json\/wp\/v2\/types\/post"}],"author":[{"embeddable":true,"href":"https:\/\/www.voilesdantan.org\/index.php\/wp-json\/wp\/v2\/users\/1"}],"replies":[{"embeddable":true,"href":"https:\/\/www.voilesdantan.org\/index.php\/wp-json\/wp\/v2\/comments?post=382"}],"version-history":[{"count":1,"href":"https:\/\/www.voilesdantan.org\/index.php\/wp-json\/wp\/v2\/posts\/382\/revisions"}],"predecessor-version":[{"id":3947,"href":"https:\/\/www.voilesdantan.org\/index.php\/wp-json\/wp\/v2\/posts\/382\/revisions\/3947"}],"wp:featuredmedia":[{"embeddable":true,"href":"https:\/\/www.voilesdantan.org\/index.php\/wp-json\/wp\/v2\/media\/3946"}],"wp:attachment":[{"href":"https:\/\/www.voilesdantan.org\/index.php\/wp-json\/wp\/v2\/media?parent=382"}],"wp:term":[{"taxonomy":"category","embeddable":true,"href":"https:\/\/www.voilesdantan.org\/index.php\/wp-json\/wp\/v2\/categories?post=382"},{"taxonomy":"post_tag","embeddable":true,"href":"https:\/\/www.voilesdantan.org\/index.php\/wp-json\/wp\/v2\/tags?post=382"}],"curies":[{"name":"wp","href":"https:\/\/api.w.org\/{rel}","templated":true}]}}