{"id":340,"date":"2009-08-05T19:02:39","date_gmt":"2009-08-05T17:02:39","guid":{"rendered":"http:\/\/www.voilesdantan.org\/?p=1605"},"modified":"2009-08-05T19:02:39","modified_gmt":"2009-08-05T17:02:39","slug":"le-belouga-belouga","status":"publish","type":"post","link":"https:\/\/www.voilesdantan.org\/index.php\/2009\/08\/05\/le-belouga-belouga\/","title":{"rendered":"Kajou &#8211; B\u00e9louga"},"content":{"rendered":"<p><span style=\"color: #000080;\"><strong>Le B\u00e9louga<\/strong><\/span><\/p>\n<p>Patron :<strong> Fran\u00e7ois Souli\u00e9<\/strong><\/p>\n<p><strong> <\/strong><\/p>\n<div id=\"attachment_406\" style=\"width: 310px\" class=\"wp-caption aligncenter\"><strong><strong><a href=\"https:\/\/i0.wp.com\/www.voilesdantan.org\/wp-content\/uploads\/2009\/08\/belouga11.jpg\"><img data-recalc-dims=\"1\" loading=\"lazy\" decoding=\"async\" aria-describedby=\"caption-attachment-406\" data-attachment-id=\"406\" data-permalink=\"https:\/\/www.voilesdantan.org\/belouga1-2\/\" data-orig-file=\"https:\/\/i0.wp.com\/www.voilesdantan.org\/wp-content\/uploads\/2009\/08\/belouga11.jpg?fit=600%2C450&amp;ssl=1\" data-orig-size=\"600,450\" data-comments-opened=\"0\" data-image-meta=\"{&quot;aperture&quot;:&quot;0&quot;,&quot;credit&quot;:&quot;&quot;,&quot;camera&quot;:&quot;&quot;,&quot;caption&quot;:&quot;&quot;,&quot;created_timestamp&quot;:&quot;0&quot;,&quot;copyright&quot;:&quot;&quot;,&quot;focal_length&quot;:&quot;0&quot;,&quot;iso&quot;:&quot;0&quot;,&quot;shutter_speed&quot;:&quot;0&quot;,&quot;title&quot;:&quot;&quot;,&quot;orientation&quot;:&quot;0&quot;}\" data-image-title=\"belouga1\" data-image-description=\"\" data-image-caption=\"&lt;p&gt;Le B\u00e9louga \u00e0 l&amp;rsquo;atelier&lt;\/p&gt;\n\" data-large-file=\"https:\/\/i0.wp.com\/www.voilesdantan.org\/wp-content\/uploads\/2009\/08\/belouga11.jpg?fit=600%2C450&amp;ssl=1\" class=\"size-medium wp-image-406\" title=\"belouga1\" src=\"https:\/\/i0.wp.com\/www.voilesdantan.org\/wp-content\/uploads\/2009\/08\/belouga11-300x225.jpg?resize=300%2C225\" alt=\"Le B\u00e9louga \u00e0 l'atelier\" width=\"300\" height=\"225\" srcset=\"https:\/\/i0.wp.com\/www.voilesdantan.org\/wp-content\/uploads\/2009\/08\/belouga11.jpg?resize=300%2C225&amp;ssl=1 300w, https:\/\/i0.wp.com\/www.voilesdantan.org\/wp-content\/uploads\/2009\/08\/belouga11.jpg?w=600&amp;ssl=1 600w\" sizes=\"auto, (max-width: 300px) 100vw, 300px\" \/><\/a><\/strong><\/strong><p id=\"caption-attachment-406\" class=\"wp-caption-text\">Le B\u00e9louga \u00e0 l&#39;atelier<\/p><\/div>\n<p><strong> <\/strong><\/p>\n","protected":false},"excerpt":{"rendered":"<p class=\"qua-blog-post-description\">Le B\u00e9louga Patron : Fran\u00e7ois Souli\u00e9<\/p>\n","protected":false},"author":1,"featured_media":406,"comment_status":"closed","ping_status":"closed","sticky":false,"template":"","format":"standard","meta":{"advanced_seo_description":"","jetpack_seo_html_title":"","jetpack_seo_noindex":false,"jetpack_post_was_ever_published":false,"_jetpack_newsletter_access":"","_jetpack_dont_email_post_to_subs":false,"_jetpack_newsletter_tier_id":0,"_jetpack_memberships_contains_paywalled_content":false,"_jetpack_memberships_contains_paid_content":false,"footnotes":""},"categories":[3],"tags":[],"class_list":["post-340","post","type-post","status-publish","format-standard","has-post-thumbnail","hentry","category-nos-bateaux"],"jetpack_featured_media_url":"https:\/\/i0.wp.com\/www.voilesdantan.org\/wp-content\/uploads\/2009\/08\/belouga11.jpg?fit=600%2C450&ssl=1","jetpack-related-posts":[],"jetpack_shortlink":"https:\/\/wp.me\/pcN3JF-5u","jetpack_sharing_enabled":true,"_links":{"self":[{"href":"https:\/\/www.voilesdantan.org\/index.php\/wp-json\/wp\/v2\/posts\/340","targetHints":{"allow":["GET"]}}],"collection":[{"href":"https:\/\/www.voilesdantan.org\/index.php\/wp-json\/wp\/v2\/posts"}],"about":[{"href":"https:\/\/www.voilesdantan.org\/index.php\/wp-json\/wp\/v2\/types\/post"}],"author":[{"embeddable":true,"href":"https:\/\/www.voilesdantan.org\/index.php\/wp-json\/wp\/v2\/users\/1"}],"replies":[{"embeddable":true,"href":"https:\/\/www.voilesdantan.org\/index.php\/wp-json\/wp\/v2\/comments?post=340"}],"version-history":[{"count":0,"href":"https:\/\/www.voilesdantan.org\/index.php\/wp-json\/wp\/v2\/posts\/340\/revisions"}],"wp:featuredmedia":[{"embeddable":true,"href":"https:\/\/www.voilesdantan.org\/index.php\/wp-json\/wp\/v2\/media\/406"}],"wp:attachment":[{"href":"https:\/\/www.voilesdantan.org\/index.php\/wp-json\/wp\/v2\/media?parent=340"}],"wp:term":[{"taxonomy":"category","embeddable":true,"href":"https:\/\/www.voilesdantan.org\/index.php\/wp-json\/wp\/v2\/categories?post=340"},{"taxonomy":"post_tag","embeddable":true,"href":"https:\/\/www.voilesdantan.org\/index.php\/wp-json\/wp\/v2\/tags?post=340"}],"curies":[{"name":"wp","href":"https:\/\/api.w.org\/{rel}","templated":true}]}}