{"id":333,"date":"2009-08-05T18:55:48","date_gmt":"2009-08-05T16:55:48","guid":{"rendered":"http:\/\/www.voilesdantan.org\/?p=1605"},"modified":"2009-08-05T18:55:48","modified_gmt":"2009-08-05T16:55:48","slug":"troy-canoe-rocca-1950","status":"publish","type":"post","link":"https:\/\/www.voilesdantan.org\/index.php\/2009\/08\/05\/troy-canoe-rocca-1950\/","title":{"rendered":"Troy &#8211; Cano\u00eb ROCCA (1950)"},"content":{"rendered":"<p><span style=\"color: #000080;\"><strong>Troy<\/strong><\/span><\/p>\n<p>Patron : <strong>Paul Loridant<\/strong><\/p>\n<p>Cano\u00eb ROCCA de 1950, en accajou, longueur = 4,98 m.<\/p>\n<p style=\"text-align: center;\">\n<div id=\"attachment_410\" style=\"width: 310px\" class=\"wp-caption aligncenter\"><a href=\"https:\/\/i0.wp.com\/www.voilesdantan.org\/wp-content\/uploads\/2009\/08\/Troy11.jpg\"><img data-recalc-dims=\"1\" loading=\"lazy\" decoding=\"async\" aria-describedby=\"caption-attachment-410\" data-attachment-id=\"410\" data-permalink=\"https:\/\/www.voilesdantan.org\/troy1-2\/\" data-orig-file=\"https:\/\/i0.wp.com\/www.voilesdantan.org\/wp-content\/uploads\/2009\/08\/Troy11.jpg?fit=600%2C450&amp;ssl=1\" data-orig-size=\"600,450\" data-comments-opened=\"0\" data-image-meta=\"{&quot;aperture&quot;:&quot;0&quot;,&quot;credit&quot;:&quot;&quot;,&quot;camera&quot;:&quot;&quot;,&quot;caption&quot;:&quot;&quot;,&quot;created_timestamp&quot;:&quot;0&quot;,&quot;copyright&quot;:&quot;&quot;,&quot;focal_length&quot;:&quot;0&quot;,&quot;iso&quot;:&quot;0&quot;,&quot;shutter_speed&quot;:&quot;0&quot;,&quot;title&quot;:&quot;&quot;,&quot;orientation&quot;:&quot;0&quot;}\" data-image-title=\"Troy1\" data-image-description=\"\" data-image-caption=\"&lt;p&gt;Troy, Alain et Jean-Fran\u00e7ois \u00e0 l&amp;rsquo;atelier&lt;\/p&gt;\n\" data-large-file=\"https:\/\/i0.wp.com\/www.voilesdantan.org\/wp-content\/uploads\/2009\/08\/Troy11.jpg?fit=600%2C450&amp;ssl=1\" class=\"size-medium wp-image-410\" title=\"Troy1\" src=\"https:\/\/i0.wp.com\/www.voilesdantan.org\/wp-content\/uploads\/2009\/08\/Troy11-300x225.jpg?resize=300%2C225\" alt=\"Troy, Alain et Jean-Fran\u00e7ois \u00e0 l'atelier\" width=\"300\" height=\"225\" srcset=\"https:\/\/i0.wp.com\/www.voilesdantan.org\/wp-content\/uploads\/2009\/08\/Troy11.jpg?resize=300%2C225&amp;ssl=1 300w, https:\/\/i0.wp.com\/www.voilesdantan.org\/wp-content\/uploads\/2009\/08\/Troy11.jpg?w=600&amp;ssl=1 600w\" sizes=\"auto, (max-width: 300px) 100vw, 300px\" \/><\/a><p id=\"caption-attachment-410\" class=\"wp-caption-text\">Troy, Paul et Jean-Fran\u00e7ois \u00e0 l&#39;atelier<\/p><\/div>\n","protected":false},"excerpt":{"rendered":"<p class=\"qua-blog-post-description\">Troy Patron : Paul Loridant Cano\u00eb ROCCA de 1950, en accajou, longueur = 4,98 m.<\/p>\n","protected":false},"author":1,"featured_media":410,"comment_status":"closed","ping_status":"closed","sticky":false,"template":"","format":"standard","meta":{"advanced_seo_description":"","jetpack_seo_html_title":"","jetpack_seo_noindex":false,"jetpack_post_was_ever_published":false,"_jetpack_newsletter_access":"","_jetpack_dont_email_post_to_subs":false,"_jetpack_newsletter_tier_id":0,"_jetpack_memberships_contains_paywalled_content":false,"_jetpack_memberships_contains_paid_content":false,"footnotes":""},"categories":[3],"tags":[],"class_list":["post-333","post","type-post","status-publish","format-standard","has-post-thumbnail","hentry","category-nos-bateaux"],"jetpack_featured_media_url":"https:\/\/i0.wp.com\/www.voilesdantan.org\/wp-content\/uploads\/2009\/08\/Troy11.jpg?fit=600%2C450&ssl=1","jetpack-related-posts":[{"id":673,"url":"https:\/\/www.voilesdantan.org\/index.php\/2009\/11\/05\/greer-un-canoe\/","url_meta":{"origin":333,"position":0},"title":"Gr\u00e9er un cano\u00e9","author":"GrenierFlorent","date":"5 novembre 2009","format":false,"excerpt":"Ca peut int\u00e9resser pas mal de monde ... ou quelques id\u00e9es pour propuler un kayak ou un cano\u00e9 avec le vent. A voir en compl\u00e9ment : l'article de Yves Jeanne qui a essay\u00e9, et adopt\u00e9 !","rel":"","context":"Dans &quot;Derni\u00e8res nouvelles&quot;","block_context":{"text":"Derni\u00e8res nouvelles","link":"https:\/\/www.voilesdantan.org\/index.php\/category\/dernieres-nouvelles\/"},"img":{"alt_text":"Cano\u00e9 gr\u00e9\u00e9","src":"https:\/\/i0.wp.com\/www.voilesdantan.org\/wp-content\/uploads\/2009\/11\/r49-voile-1.jpg?resize=350%2C200","width":350,"height":200},"classes":[]},{"id":322,"url":"https:\/\/www.voilesdantan.org\/index.php\/2009\/08\/05\/simoun-moucheron-1941\/","url_meta":{"origin":333,"position":1},"title":"Simoun &#8211; Moucheron (1941)","author":"GrenierFlorent","date":"5 ao\u00fbt 2009","format":false,"excerpt":"Simoun Patron : Jean-Fran\u00e7ois Trainy, pr\u00e9sident de l'AVAL Le \"Moucheron SNS\" (pour S\u00e9rie Nationale Suisse\") est un plan sign\u00e9 Henry COPPONEX \u00e0 Paris en 1934, alors que le futur c\u00e9l\u00e8bre architecte et r\u00e9gatier y terminait ses \u00e9tudes. Si d'aucuns y voient des lignes inspir\u00e9es du 6,50 SI \"Aigrette III\", gageons\u2026","rel":"","context":"Dans &quot;Nos bateaux&quot;","block_context":{"text":"Nos bateaux","link":"https:\/\/www.voilesdantan.org\/index.php\/category\/nos-bateaux\/"},"img":{"alt_text":"","src":"https:\/\/i0.wp.com\/www.voilesdantan.org\/wp-content\/uploads\/2009\/08\/Simoun11.jpg?fit=640%2C480&ssl=1&resize=350%2C200","width":350,"height":200,"srcset":"https:\/\/i0.wp.com\/www.voilesdantan.org\/wp-content\/uploads\/2009\/08\/Simoun11.jpg?fit=640%2C480&ssl=1&resize=350%2C200 1x, https:\/\/i0.wp.com\/www.voilesdantan.org\/wp-content\/uploads\/2009\/08\/Simoun11.jpg?fit=640%2C480&ssl=1&resize=525%2C300 1.5x"},"classes":[]},{"id":2078,"url":"https:\/\/www.voilesdantan.org\/index.php\/2012\/02\/24\/snipe-deriveur-leman\/","url_meta":{"origin":333,"position":2},"title":"Snipe : Les belles ann\u00e9es des d\u00e9riveurs du L\u00e9man","author":"GrenierFlorent","date":"24 f\u00e9vrier 2012","format":false,"excerpt":"\"Avec ce bateau vous ne sortirez jamais du port !...\" Le moral \u00e9tait d\u00e9j\u00e0 bas, pour nous marins d'eau douce, livr\u00e9s \u00e0 une mer d\u00e9cha\u00een\u00e9e, et ces paroles d'un loup de mer achev\u00e8rent de nous \u00f4ter le plaisir que nous avions \u00e0 participer aux Championnats de France. Par contre, l'\u2026","rel":"","context":"Dans &quot;Patrimoine L\u00e9manique&quot;","block_context":{"text":"Patrimoine L\u00e9manique","link":"https:\/\/www.voilesdantan.org\/index.php\/category\/patrimoine-lemanique\/"},"img":{"alt_text":"","src":"https:\/\/i0.wp.com\/www.voilesdantan.org\/wp-content\/uploads\/2012\/02\/snipes.jpg?fit=449%2C317&ssl=1&resize=350%2C200","width":350,"height":200},"classes":[]},{"id":40,"url":"https:\/\/www.voilesdantan.org\/index.php\/2009\/04\/24\/ara-650-si-de-1928\/","url_meta":{"origin":333,"position":3},"title":"ARA &#8211; 6.50 Si (1928)","author":"GrenierFlorent","date":"24 avril 2009","format":false,"excerpt":"Ara Patron : Quillard de la s\u00e9rie des 6.50 SI ( \"6 m\u00e8tres 50 de la S\u00e9rie Internationale\", aussi appel\u00e9s \"6.5\" ), initi\u00e9e d\u00e8s 1907 par le Cercle de Voile de Paris en r\u00e9action \u00e0 la \"Jauge Internationale\" de 1906. La fameuse \"JI\" donnait des bateaux \u00e9troits, lourds et profonds\u2026","rel":"","context":"Dans &quot;Nos bateaux&quot;","block_context":{"text":"Nos bateaux","link":"https:\/\/www.voilesdantan.org\/index.php\/category\/nos-bateaux\/"},"img":{"alt_text":"","src":"https:\/\/i0.wp.com\/www.voilesdantan.org\/wp-content\/uploads\/2009\/04\/virginieheriotAmsterdam.jpg?fit=652%2C480&ssl=1&resize=350%2C200","width":350,"height":200,"srcset":"https:\/\/i0.wp.com\/www.voilesdantan.org\/wp-content\/uploads\/2009\/04\/virginieheriotAmsterdam.jpg?fit=652%2C480&ssl=1&resize=350%2C200 1x, https:\/\/i0.wp.com\/www.voilesdantan.org\/wp-content\/uploads\/2009\/04\/virginieheriotAmsterdam.jpg?fit=652%2C480&ssl=1&resize=525%2C300 1.5x"},"classes":[]},{"id":2412,"url":"https:\/\/www.voilesdantan.org\/index.php\/2014\/02\/03\/liste-des-voiliers-du-leman-en-1946\/","url_meta":{"origin":333,"position":4},"title":"Liste des voiliers du L\u00e9man en 1946","author":"GrenierFlorent","date":"3 f\u00e9vrier 2014","format":false,"excerpt":"J'ai re\u00e7u il y a quelques temps d\u00e9j\u00e0 une enveloppe quelque peu myst\u00e9rieuse qui \u00e9tait libell\u00e9e ainsi: \"A notre \u00e9minent Pr\u00e9sident et son non moins honorable Tr\u00e9sorier, pour que vive l'AVAL. Amicalement, Jean-Claude (Aux bons soins de Paul)\". Dans cette enveloppe, j'ai eu la joie de d\u00e9couvrir - outre la\u2026","rel":"","context":"Dans &quot;Patrimoine L\u00e9manique&quot;","block_context":{"text":"Patrimoine L\u00e9manique","link":"https:\/\/www.voilesdantan.org\/index.php\/category\/patrimoine-lemanique\/"},"img":{"alt_text":"Liste des voiliers du L\u00e9man - 1946","src":"https:\/\/i0.wp.com\/www.voilesdantan.org\/wp-content\/uploads\/2014\/02\/voiliersduleman1946SNG.jpg?fit=411%2C255&ssl=1&resize=350%2C200","width":350,"height":200},"classes":[]},{"id":1216,"url":"https:\/\/www.voilesdantan.org\/index.php\/2010\/06\/21\/un-canot-pour-un-projet-associatif\/","url_meta":{"origin":333,"position":5},"title":"Un canot pour un projet associatif","author":"GrenierFlorent","date":"21 juin 2010","format":false,"excerpt":"C'est la deuxi\u00e8me fois que notre association d\u00e9roge \u00e0 la r\u00e8gle qui veut que tout bateau qui rentre dans nos locaux ait un propri\u00e9taire, y compris ceux qu'on nous donne et que nous ne reprenons qu'apr\u00e8s avoir trouv\u00e9 un passionn\u00e9 susceptible de mener \u00e0 bien la restauration qui lui permettra\u2026","rel":"","context":"Dans &quot;Patrimoine L\u00e9manique&quot;","block_context":{"text":"Patrimoine L\u00e9manique","link":"https:\/\/www.voilesdantan.org\/index.php\/category\/patrimoine-lemanique\/"},"img":{"alt_text":"","src":"https:\/\/i0.wp.com\/www.voilesdantan.org\/wp-content\/uploads\/2010\/06\/10-Attelee-avec-la-Yole12x9.jpg?fit=360%2C270&ssl=1&resize=350%2C200","width":350,"height":200},"classes":[]}],"jetpack_shortlink":"https:\/\/wp.me\/pcN3JF-5n","jetpack_sharing_enabled":true,"_links":{"self":[{"href":"https:\/\/www.voilesdantan.org\/index.php\/wp-json\/wp\/v2\/posts\/333","targetHints":{"allow":["GET"]}}],"collection":[{"href":"https:\/\/www.voilesdantan.org\/index.php\/wp-json\/wp\/v2\/posts"}],"about":[{"href":"https:\/\/www.voilesdantan.org\/index.php\/wp-json\/wp\/v2\/types\/post"}],"author":[{"embeddable":true,"href":"https:\/\/www.voilesdantan.org\/index.php\/wp-json\/wp\/v2\/users\/1"}],"replies":[{"embeddable":true,"href":"https:\/\/www.voilesdantan.org\/index.php\/wp-json\/wp\/v2\/comments?post=333"}],"version-history":[{"count":0,"href":"https:\/\/www.voilesdantan.org\/index.php\/wp-json\/wp\/v2\/posts\/333\/revisions"}],"wp:featuredmedia":[{"embeddable":true,"href":"https:\/\/www.voilesdantan.org\/index.php\/wp-json\/wp\/v2\/media\/410"}],"wp:attachment":[{"href":"https:\/\/www.voilesdantan.org\/index.php\/wp-json\/wp\/v2\/media?parent=333"}],"wp:term":[{"taxonomy":"category","embeddable":true,"href":"https:\/\/www.voilesdantan.org\/index.php\/wp-json\/wp\/v2\/categories?post=333"},{"taxonomy":"post_tag","embeddable":true,"href":"https:\/\/www.voilesdantan.org\/index.php\/wp-json\/wp\/v2\/tags?post=333"}],"curies":[{"name":"wp","href":"https:\/\/api.w.org\/{rel}","templated":true}]}}