{"id":315,"date":"2009-08-05T17:15:20","date_gmt":"2009-08-05T15:15:20","guid":{"rendered":"http:\/\/www.voilesdantan.org\/?p=1605"},"modified":"2009-08-05T17:15:20","modified_gmt":"2009-08-05T15:15:20","slug":"jean-chouan-6-50-si-1927","status":"publish","type":"post","link":"https:\/\/www.voilesdantan.org\/index.php\/2009\/08\/05\/jean-chouan-6-50-si-1927\/","title":{"rendered":"Jean Chouan &#8211; 6.50 SI (1927)"},"content":{"rendered":"<p><span style=\"color: #000080;\"><strong>Jean Chouan<\/strong><\/span><\/p>\n<p>Patron : <strong>Patrick Coeurdane<\/strong><\/p>\n<p>Apr\u00e8s 22 mois de travaux, Jean Chouan s&rsquo;est \u00e9brou\u00e9 au large de Chens. Voici quelques belles photos prises de l&rsquo;appontement CGN de Tougues \u00e0 Chens sur L\u00e9man, dimanche 11 Octobre 2009 par bon vent d&rsquo;Ouest force 3 montant \u00e0 4 au retour vers Nernier. Nous avons gard\u00e9 le g\u00e9nois; le foc \u00e9tait rest\u00e9 dans le coffre de la voiture de Patrick&#8230;\u00a0 Apr\u00e8s tout, ce n&rsquo;est pas tout les jours qu&rsquo;on peut avoir 47 m\u00b2 de linge au dessus de la t\u00eate.<\/p>\n<p><img data-recalc-dims=\"1\" loading=\"lazy\" decoding=\"async\" data-attachment-id=\"669\" data-permalink=\"https:\/\/www.voilesdantan.org\/jean-chouan-11-oct\/\" data-orig-file=\"https:\/\/i0.wp.com\/www.voilesdantan.org\/wp-content\/uploads\/2009\/08\/jean-Chouan-11-oct.jpg?fit=800%2C600&amp;ssl=1\" data-orig-size=\"800,600\" data-comments-opened=\"1\" data-image-meta=\"{&quot;aperture&quot;:&quot;0&quot;,&quot;credit&quot;:&quot;&quot;,&quot;camera&quot;:&quot;&quot;,&quot;caption&quot;:&quot;&quot;,&quot;created_timestamp&quot;:&quot;0&quot;,&quot;copyright&quot;:&quot;&quot;,&quot;focal_length&quot;:&quot;0&quot;,&quot;iso&quot;:&quot;0&quot;,&quot;shutter_speed&quot;:&quot;0&quot;,&quot;title&quot;:&quot;&quot;,&quot;orientation&quot;:&quot;0&quot;}\" data-image-title=\"jean Chouan 11 oct\" data-image-description=\"\" data-image-caption=\"\" data-large-file=\"https:\/\/i0.wp.com\/www.voilesdantan.org\/wp-content\/uploads\/2009\/08\/jean-Chouan-11-oct.jpg?fit=800%2C600&amp;ssl=1\" class=\"aligncenter size-medium wp-image-669\" title=\"jean Chouan 11 oct\" src=\"https:\/\/i0.wp.com\/www.voilesdantan.org\/wp-content\/uploads\/2009\/08\/jean-Chouan-11-oct-300x225.jpg?resize=300%2C225\" alt=\"jean Chouan 11 oct\" width=\"300\" height=\"225\" srcset=\"https:\/\/i0.wp.com\/www.voilesdantan.org\/wp-content\/uploads\/2009\/08\/jean-Chouan-11-oct.jpg?resize=300%2C225&amp;ssl=1 300w, https:\/\/i0.wp.com\/www.voilesdantan.org\/wp-content\/uploads\/2009\/08\/jean-Chouan-11-oct.jpg?resize=768%2C576&amp;ssl=1 768w, https:\/\/i0.wp.com\/www.voilesdantan.org\/wp-content\/uploads\/2009\/08\/jean-Chouan-11-oct.jpg?w=800&amp;ssl=1 800w\" sizes=\"auto, (max-width: 300px) 100vw, 300px\" \/><\/p>\n<p>Moralit\u00e9: &#8230; Il faudrait toujours avoir un bon photographe sous la main pour immortaliser ces moments-l\u00e0 !<\/p>\n<p>Retrouvez <a title=\"2\u00e8me sortie de Jean Chouan\" href=\"http:\/\/picasaweb.google.com\/115834960944834981316\/LeJeanChouan?authkey=Gv1sRgCNH50P3co_H78gE&amp;feat=email&amp;gsessionid=r6i4LpcQmXiEUuqTflz0Tw\" target=\"_blank\" rel=\"noopener\">ici<\/a> les photos prises par Moustik.<\/p>\n<p style=\"text-align: center;\">\n<div id=\"attachment_416\" style=\"width: 310px\" class=\"wp-caption aligncenter\"><a href=\"https:\/\/i0.wp.com\/www.voilesdantan.org\/wp-content\/uploads\/2009\/08\/JeanChouan11.jpg\"><img data-recalc-dims=\"1\" loading=\"lazy\" decoding=\"async\" aria-describedby=\"caption-attachment-416\" data-attachment-id=\"416\" data-permalink=\"https:\/\/www.voilesdantan.org\/jeanchouan1-2\/\" data-orig-file=\"https:\/\/i0.wp.com\/www.voilesdantan.org\/wp-content\/uploads\/2009\/08\/JeanChouan11.jpg?fit=640%2C480&amp;ssl=1\" data-orig-size=\"640,480\" data-comments-opened=\"0\" data-image-meta=\"{&quot;aperture&quot;:&quot;0&quot;,&quot;credit&quot;:&quot;&quot;,&quot;camera&quot;:&quot;&quot;,&quot;caption&quot;:&quot;&quot;,&quot;created_timestamp&quot;:&quot;0&quot;,&quot;copyright&quot;:&quot;&quot;,&quot;focal_length&quot;:&quot;0&quot;,&quot;iso&quot;:&quot;0&quot;,&quot;shutter_speed&quot;:&quot;0&quot;,&quot;title&quot;:&quot;&quot;,&quot;orientation&quot;:&quot;0&quot;}\" data-image-title=\"JeanChouan1\" data-image-description=\"\" data-image-caption=\"&lt;p&gt;Jean Chouan&lt;\/p&gt;\n\" data-large-file=\"https:\/\/i0.wp.com\/www.voilesdantan.org\/wp-content\/uploads\/2009\/08\/JeanChouan11.jpg?fit=640%2C480&amp;ssl=1\" class=\"size-medium wp-image-416\" title=\"JeanChouan1\" src=\"https:\/\/i0.wp.com\/www.voilesdantan.org\/wp-content\/uploads\/2009\/08\/JeanChouan11-300x225.jpg?resize=300%2C225\" alt=\"Jean Chouan\" width=\"300\" height=\"225\" srcset=\"https:\/\/i0.wp.com\/www.voilesdantan.org\/wp-content\/uploads\/2009\/08\/JeanChouan11.jpg?resize=300%2C225&amp;ssl=1 300w, https:\/\/i0.wp.com\/www.voilesdantan.org\/wp-content\/uploads\/2009\/08\/JeanChouan11.jpg?w=640&amp;ssl=1 640w\" sizes=\"auto, (max-width: 300px) 100vw, 300px\" \/><\/a><p id=\"caption-attachment-416\" class=\"wp-caption-text\">Jean Chouan<\/p><\/div>\n","protected":false},"excerpt":{"rendered":"<p class=\"qua-blog-post-description\">Jean Chouan Patron : Patrick Coeurdane Apr\u00e8s 22 mois de travaux, Jean Chouan s&rsquo;est \u00e9brou\u00e9 au large de Chens. Voici quelques belles photos prises de l&rsquo;appontement CGN de Tougues \u00e0 Chens sur L\u00e9man, dimanche 11 Octobre 2009 par bon vent d&rsquo;Ouest force 3 montant \u00e0 4 au retour vers Nernier. Nous avons gard\u00e9 le g\u00e9nois; [&hellip;]<\/p>\n","protected":false},"author":1,"featured_media":669,"comment_status":"closed","ping_status":"closed","sticky":false,"template":"","format":"standard","meta":{"advanced_seo_description":"","jetpack_seo_html_title":"","jetpack_seo_noindex":false,"jetpack_post_was_ever_published":false,"_jetpack_newsletter_access":"","_jetpack_dont_email_post_to_subs":false,"_jetpack_newsletter_tier_id":0,"_jetpack_memberships_contains_paywalled_content":false,"_jetpack_memberships_contains_paid_content":false,"footnotes":""},"categories":[3],"tags":[],"class_list":["post-315","post","type-post","status-publish","format-standard","has-post-thumbnail","hentry","category-nos-bateaux"],"jetpack_featured_media_url":"https:\/\/i0.wp.com\/www.voilesdantan.org\/wp-content\/uploads\/2009\/08\/jean-Chouan-11-oct.jpg?fit=800%2C600&ssl=1","jetpack-related-posts":[{"id":1319,"url":"https:\/\/www.voilesdantan.org\/index.php\/2010\/09\/08\/journees-portes-ouvertes-a-laval-le-dimanche-19-septembre\/","url_meta":{"origin":315,"position":0},"title":"Journ\u00e9es portes ouvertes \u00e0 l&rsquo;AVAL le dimanche 19 septembre","author":"GrenierFlorent","date":"8 septembre 2010","format":false,"excerpt":"Dans le cadre des \"Journ\u00e9es europ\u00e9ennes du Patrimoine\", l'association Atelier des Voiles d'Antan du L\u00e9man est heureuse de vous convier \u00e0 une journ\u00e9e \"Portes ouvertes\" le Dimanche 19 Septembre 2010 de 9 heures \u00e0 16 heures, 994 route du Lac \u00e0 Chens sur L\u00e9man. Un ap\u00e9ritif sera servi \u00e0 partir\u2026","rel":"","context":"Dans &quot;Derni\u00e8res nouvelles&quot;","block_context":{"text":"Derni\u00e8res nouvelles","link":"https:\/\/www.voilesdantan.org\/index.php\/category\/dernieres-nouvelles\/"},"img":{"alt_text":"","src":"https:\/\/i0.wp.com\/www.voilesdantan.org\/wp-content\/uploads\/2010\/09\/P10104891-300x225.jpg?resize=350%2C200","width":350,"height":200},"classes":[]},{"id":2412,"url":"https:\/\/www.voilesdantan.org\/index.php\/2014\/02\/03\/liste-des-voiliers-du-leman-en-1946\/","url_meta":{"origin":315,"position":1},"title":"Liste des voiliers du L\u00e9man en 1946","author":"GrenierFlorent","date":"3 f\u00e9vrier 2014","format":false,"excerpt":"J'ai re\u00e7u il y a quelques temps d\u00e9j\u00e0 une enveloppe quelque peu myst\u00e9rieuse qui \u00e9tait libell\u00e9e ainsi: \"A notre \u00e9minent Pr\u00e9sident et son non moins honorable Tr\u00e9sorier, pour que vive l'AVAL. Amicalement, Jean-Claude (Aux bons soins de Paul)\". Dans cette enveloppe, j'ai eu la joie de d\u00e9couvrir - outre la\u2026","rel":"","context":"Dans &quot;Patrimoine L\u00e9manique&quot;","block_context":{"text":"Patrimoine L\u00e9manique","link":"https:\/\/www.voilesdantan.org\/index.php\/category\/patrimoine-lemanique\/"},"img":{"alt_text":"Liste des voiliers du L\u00e9man - 1946","src":"https:\/\/i0.wp.com\/www.voilesdantan.org\/wp-content\/uploads\/2014\/02\/voiliersduleman1946SNG.jpg?fit=411%2C255&ssl=1&resize=350%2C200","width":350,"height":200},"classes":[]},{"id":1216,"url":"https:\/\/www.voilesdantan.org\/index.php\/2010\/06\/21\/un-canot-pour-un-projet-associatif\/","url_meta":{"origin":315,"position":2},"title":"Un canot pour un projet associatif","author":"GrenierFlorent","date":"21 juin 2010","format":false,"excerpt":"C'est la deuxi\u00e8me fois que notre association d\u00e9roge \u00e0 la r\u00e8gle qui veut que tout bateau qui rentre dans nos locaux ait un propri\u00e9taire, y compris ceux qu'on nous donne et que nous ne reprenons qu'apr\u00e8s avoir trouv\u00e9 un passionn\u00e9 susceptible de mener \u00e0 bien la restauration qui lui permettra\u2026","rel":"","context":"Dans &quot;Patrimoine L\u00e9manique&quot;","block_context":{"text":"Patrimoine L\u00e9manique","link":"https:\/\/www.voilesdantan.org\/index.php\/category\/patrimoine-lemanique\/"},"img":{"alt_text":"","src":"https:\/\/i0.wp.com\/www.voilesdantan.org\/wp-content\/uploads\/2010\/06\/10-Attelee-avec-la-Yole12x9.jpg?fit=360%2C270&ssl=1&resize=350%2C200","width":350,"height":200},"classes":[]},{"id":322,"url":"https:\/\/www.voilesdantan.org\/index.php\/2009\/08\/05\/simoun-moucheron-1941\/","url_meta":{"origin":315,"position":3},"title":"Simoun &#8211; Moucheron (1941)","author":"GrenierFlorent","date":"5 ao\u00fbt 2009","format":false,"excerpt":"Simoun Patron : Jean-Fran\u00e7ois Trainy, pr\u00e9sident de l'AVAL Le \"Moucheron SNS\" (pour S\u00e9rie Nationale Suisse\") est un plan sign\u00e9 Henry COPPONEX \u00e0 Paris en 1934, alors que le futur c\u00e9l\u00e8bre architecte et r\u00e9gatier y terminait ses \u00e9tudes. Si d'aucuns y voient des lignes inspir\u00e9es du 6,50 SI \"Aigrette III\", gageons\u2026","rel":"","context":"Dans &quot;Nos bateaux&quot;","block_context":{"text":"Nos bateaux","link":"https:\/\/www.voilesdantan.org\/index.php\/category\/nos-bateaux\/"},"img":{"alt_text":"","src":"https:\/\/i0.wp.com\/www.voilesdantan.org\/wp-content\/uploads\/2009\/08\/Simoun11.jpg?fit=640%2C480&ssl=1&resize=350%2C200","width":350,"height":200,"srcset":"https:\/\/i0.wp.com\/www.voilesdantan.org\/wp-content\/uploads\/2009\/08\/Simoun11.jpg?fit=640%2C480&ssl=1&resize=350%2C200 1x, https:\/\/i0.wp.com\/www.voilesdantan.org\/wp-content\/uploads\/2009\/08\/Simoun11.jpg?fit=640%2C480&ssl=1&resize=525%2C300 1.5x"},"classes":[]},{"id":40,"url":"https:\/\/www.voilesdantan.org\/index.php\/2009\/04\/24\/ara-650-si-de-1928\/","url_meta":{"origin":315,"position":4},"title":"ARA &#8211; 6.50 Si (1928)","author":"GrenierFlorent","date":"24 avril 2009","format":false,"excerpt":"Ara Patron : Quillard de la s\u00e9rie des 6.50 SI ( \"6 m\u00e8tres 50 de la S\u00e9rie Internationale\", aussi appel\u00e9s \"6.5\" ), initi\u00e9e d\u00e8s 1907 par le Cercle de Voile de Paris en r\u00e9action \u00e0 la \"Jauge Internationale\" de 1906. La fameuse \"JI\" donnait des bateaux \u00e9troits, lourds et profonds\u2026","rel":"","context":"Dans &quot;Nos bateaux&quot;","block_context":{"text":"Nos bateaux","link":"https:\/\/www.voilesdantan.org\/index.php\/category\/nos-bateaux\/"},"img":{"alt_text":"","src":"https:\/\/i0.wp.com\/www.voilesdantan.org\/wp-content\/uploads\/2009\/04\/virginieheriotAmsterdam.jpg?fit=652%2C480&ssl=1&resize=350%2C200","width":350,"height":200,"srcset":"https:\/\/i0.wp.com\/www.voilesdantan.org\/wp-content\/uploads\/2009\/04\/virginieheriotAmsterdam.jpg?fit=652%2C480&ssl=1&resize=350%2C200 1x, https:\/\/i0.wp.com\/www.voilesdantan.org\/wp-content\/uploads\/2009\/04\/virginieheriotAmsterdam.jpg?fit=652%2C480&ssl=1&resize=525%2C300 1.5x"},"classes":[]},{"id":330,"url":"https:\/\/www.voilesdantan.org\/index.php\/2009\/08\/05\/volja-primaat-1969\/","url_meta":{"origin":315,"position":5},"title":"Volja &#8211; Primaat (1969)","author":"GrenierFlorent","date":"5 ao\u00fbt 2009","format":false,"excerpt":"Volja Patron : Emmanuel Jung Ce Primaat (Plan Van de Stadt 1963) a \u00e9t\u00e9 construit en 1969 par un charpentier de marine hollandais qui l\u2019a baptis\u00e9 Dolfijn (Dauphin en n\u00e9erlandais). L\u2019ensemble de la d\u00e9co (\u00e9quipets, rideaux, coussins, ...) repr\u00e9sente des dauphins. M\u00eame le spi arbore ce magnifique et sympathique mammif\u00e8re\u2026","rel":"","context":"Dans &quot;Nos bateaux&quot;","block_context":{"text":"Nos bateaux","link":"https:\/\/www.voilesdantan.org\/index.php\/category\/nos-bateaux\/"},"img":{"alt_text":"Dolfijn, devenu volja","src":"https:\/\/i0.wp.com\/www.voilesdantan.org\/wp-content\/uploads\/2009\/08\/dolfijn1.jpg?resize=350%2C200","width":350,"height":200},"classes":[]}],"jetpack_shortlink":"https:\/\/wp.me\/pcN3JF-55","jetpack_sharing_enabled":true,"_links":{"self":[{"href":"https:\/\/www.voilesdantan.org\/index.php\/wp-json\/wp\/v2\/posts\/315","targetHints":{"allow":["GET"]}}],"collection":[{"href":"https:\/\/www.voilesdantan.org\/index.php\/wp-json\/wp\/v2\/posts"}],"about":[{"href":"https:\/\/www.voilesdantan.org\/index.php\/wp-json\/wp\/v2\/types\/post"}],"author":[{"embeddable":true,"href":"https:\/\/www.voilesdantan.org\/index.php\/wp-json\/wp\/v2\/users\/1"}],"replies":[{"embeddable":true,"href":"https:\/\/www.voilesdantan.org\/index.php\/wp-json\/wp\/v2\/comments?post=315"}],"version-history":[{"count":0,"href":"https:\/\/www.voilesdantan.org\/index.php\/wp-json\/wp\/v2\/posts\/315\/revisions"}],"wp:featuredmedia":[{"embeddable":true,"href":"https:\/\/www.voilesdantan.org\/index.php\/wp-json\/wp\/v2\/media\/669"}],"wp:attachment":[{"href":"https:\/\/www.voilesdantan.org\/index.php\/wp-json\/wp\/v2\/media?parent=315"}],"wp:term":[{"taxonomy":"category","embeddable":true,"href":"https:\/\/www.voilesdantan.org\/index.php\/wp-json\/wp\/v2\/categories?post=315"},{"taxonomy":"post_tag","embeddable":true,"href":"https:\/\/www.voilesdantan.org\/index.php\/wp-json\/wp\/v2\/tags?post=315"}],"curies":[{"name":"wp","href":"https:\/\/api.w.org\/{rel}","templated":true}]}}