{"id":2392,"date":"2014-01-05T11:23:53","date_gmt":"2014-01-05T10:23:53","guid":{"rendered":"http:\/\/www.voilesdantan.org\/?p=2392"},"modified":"2014-01-05T11:23:53","modified_gmt":"2014-01-05T10:23:53","slug":"la-yole-du-leman-suite","status":"publish","type":"post","link":"https:\/\/www.voilesdantan.org\/index.php\/2014\/01\/05\/la-yole-du-leman-suite\/","title":{"rendered":"La Yole du L\u00e9man (suite)"},"content":{"rendered":"<p style=\"text-align: justify;\">J&rsquo;ai bien avanc\u00e9 la restauration de la petite Yole qui avait bien failli \u00eatre broy\u00e9e lors du d\u00e9montage du portique. Voici quelques photos des travaux r\u00e9alis\u00e9s.<\/p>\n<div id=\"attachment_2393\" style=\"width: 410px\" class=\"wp-caption aligncenter\"><a title=\"La Yole du L\u00e9man\" href=\"http:\/\/www.voilesdantan.org\/wp-content\/uploads\/2014\/01\/yole-du-leman.pdf\" target=\"_blank\" rel=\"noopener\"><img data-recalc-dims=\"1\" loading=\"lazy\" decoding=\"async\" aria-describedby=\"caption-attachment-2393\" data-attachment-id=\"2393\" data-permalink=\"https:\/\/www.voilesdantan.org\/la-yole-du-leman\/\" data-orig-file=\"https:\/\/i0.wp.com\/www.voilesdantan.org\/wp-content\/uploads\/2014\/01\/la-yole-du-leman.jpg?fit=708%2C529&amp;ssl=1\" data-orig-size=\"708,529\" data-comments-opened=\"1\" data-image-meta=\"{&quot;aperture&quot;:&quot;0&quot;,&quot;credit&quot;:&quot;&quot;,&quot;camera&quot;:&quot;&quot;,&quot;caption&quot;:&quot;&quot;,&quot;created_timestamp&quot;:&quot;0&quot;,&quot;copyright&quot;:&quot;&quot;,&quot;focal_length&quot;:&quot;0&quot;,&quot;iso&quot;:&quot;0&quot;,&quot;shutter_speed&quot;:&quot;0&quot;,&quot;title&quot;:&quot;&quot;,&quot;orientation&quot;:&quot;0&quot;}\" data-image-title=\"La Yole du L\u00e9man\" data-image-description=\"\" data-image-caption=\"\" data-large-file=\"https:\/\/i0.wp.com\/www.voilesdantan.org\/wp-content\/uploads\/2014\/01\/la-yole-du-leman.jpg?fit=708%2C529&amp;ssl=1\" class=\"size-medium wp-image-2393\" title=\"La Yole du L\u00e9man\" src=\"https:\/\/i0.wp.com\/www.voilesdantan.org\/wp-content\/uploads\/2014\/01\/la-yole-du-leman-400x298.jpg?resize=400%2C298\" alt=\"La Yole du L\u00e9man\" width=\"400\" height=\"298\" \/><\/a><p id=\"caption-attachment-2393\" class=\"wp-caption-text\">(Cliquez sur la photo pour ouvrir le PDF)<\/p><\/div>\n<p style=\"text-align: center;\">\n<p style=\"text-align: justify;\"><span style=\"font-size: medium;\">Reste \u00e0 faire : les planchers, les bancs et l&rsquo;accastillage. <\/span><\/p>\n<p style=\"text-align: justify;\"><span style=\"font-size: medium;\">Belle ann\u00e9e \u00e0 tous !<span style=\"color: #888888;\"><br \/>\n<\/span><\/span><\/p>\n","protected":false},"excerpt":{"rendered":"<p class=\"qua-blog-post-description\">J&rsquo;ai bien avanc\u00e9 la restauration de la petite Yole qui avait bien failli \u00eatre broy\u00e9e lors du d\u00e9montage du portique. Voici quelques photos des travaux r\u00e9alis\u00e9s. Reste \u00e0 faire : les planchers, les bancs et l&rsquo;accastillage. Belle ann\u00e9e \u00e0 tous !<\/p>\n","protected":false},"author":1,"featured_media":2393,"comment_status":"open","ping_status":"closed","sticky":false,"template":"","format":"standard","meta":{"advanced_seo_description":"","jetpack_seo_html_title":"","jetpack_seo_noindex":false,"jetpack_post_was_ever_published":false,"_jetpack_newsletter_access":"","_jetpack_dont_email_post_to_subs":false,"_jetpack_newsletter_tier_id":0,"_jetpack_memberships_contains_paywalled_content":false,"_jetpack_memberships_contains_paid_content":false,"footnotes":""},"categories":[4],"tags":[20,37],"class_list":["post-2392","post","type-post","status-publish","format-standard","has-post-thumbnail","hentry","category-technique-aval","tag-leman","tag-yole"],"jetpack_featured_media_url":"https:\/\/i0.wp.com\/www.voilesdantan.org\/wp-content\/uploads\/2014\/01\/la-yole-du-leman.jpg?fit=708%2C529&ssl=1","jetpack-related-posts":[{"id":2121,"url":"https:\/\/www.voilesdantan.org\/index.php\/2013\/03\/09\/niveau-lac-leman\/","url_meta":{"origin":2392,"position":0},"title":"Le niveau du lac L\u00e9man &#8230;","author":"GrenierFlorent","date":"9 mars 2013","format":false,"excerpt":"Chaque ann\u00e9e, selon une convention intercantonale sign\u00e9e en 1884 entre les cantons de Vaud, du Valais et Gen\u00e8ve. le niveau du lac L\u00e9man baisse, d\u00e8s le mois de janvier, afin de permettre les travaux d'entretien des berges et pontons du lac. Du 15 mars au 15 avril, le niveau maximal\u2026","rel":"","context":"Dans &quot;Patrimoine L\u00e9manique&quot;","block_context":{"text":"Patrimoine L\u00e9manique","link":"https:\/\/www.voilesdantan.org\/index.php\/category\/patrimoine-lemanique\/"},"img":{"alt_text":"","src":"https:\/\/i0.wp.com\/www.voilesdantan.org\/wp-content\/uploads\/2013\/03\/Niveau-Leman.png?fit=569%2C351&ssl=1&resize=350%2C200","width":350,"height":200,"srcset":"https:\/\/i0.wp.com\/www.voilesdantan.org\/wp-content\/uploads\/2013\/03\/Niveau-Leman.png?fit=569%2C351&ssl=1&resize=350%2C200 1x, https:\/\/i0.wp.com\/www.voilesdantan.org\/wp-content\/uploads\/2013\/03\/Niveau-Leman.png?fit=569%2C351&ssl=1&resize=525%2C300 1.5x"},"classes":[]},{"id":2078,"url":"https:\/\/www.voilesdantan.org\/index.php\/2012\/02\/24\/snipe-deriveur-leman\/","url_meta":{"origin":2392,"position":1},"title":"Snipe : Les belles ann\u00e9es des d\u00e9riveurs du L\u00e9man","author":"GrenierFlorent","date":"24 f\u00e9vrier 2012","format":false,"excerpt":"\"Avec ce bateau vous ne sortirez jamais du port !...\" Le moral \u00e9tait d\u00e9j\u00e0 bas, pour nous marins d'eau douce, livr\u00e9s \u00e0 une mer d\u00e9cha\u00een\u00e9e, et ces paroles d'un loup de mer achev\u00e8rent de nous \u00f4ter le plaisir que nous avions \u00e0 participer aux Championnats de France. Par contre, l'\u2026","rel":"","context":"Dans &quot;Patrimoine L\u00e9manique&quot;","block_context":{"text":"Patrimoine L\u00e9manique","link":"https:\/\/www.voilesdantan.org\/index.php\/category\/patrimoine-lemanique\/"},"img":{"alt_text":"","src":"https:\/\/i0.wp.com\/www.voilesdantan.org\/wp-content\/uploads\/2012\/02\/snipes.jpg?fit=449%2C317&ssl=1&resize=350%2C200","width":350,"height":200},"classes":[]},{"id":382,"url":"https:\/\/www.voilesdantan.org\/index.php\/2009\/08\/05\/les-bateaux-de-costaguta-sur-le-leman\/","url_meta":{"origin":2392,"position":2},"title":"Les bateaux de Costaguta sur le L\u00e9man","author":"GrenierFlorent","date":"5 ao\u00fbt 2009","format":false,"excerpt":"De 1908 \u00e0 1912, plusieurs yachts italiens de grande qualit\u00e9 apparaissent dans les eaux genevoises. Il est int\u00e9ressant de comprendre pourquoi certains navigateurs de la SNG se sont tourn\u00e9s soudain vers le fameux constructeur de Voltri. Le 2 tonneaux Calliope et les bateaux de Costaguta sur le L\u00e9man","rel":"","context":"Dans &quot;Patrimoine L\u00e9manique&quot;","block_context":{"text":"Patrimoine L\u00e9manique","link":"https:\/\/www.voilesdantan.org\/index.php\/category\/patrimoine-lemanique\/"},"img":{"alt_text":"","src":"https:\/\/i0.wp.com\/www.voilesdantan.org\/wp-content\/uploads\/2009\/08\/Titania.png?fit=566%2C524&ssl=1&resize=350%2C200","width":350,"height":200,"srcset":"https:\/\/i0.wp.com\/www.voilesdantan.org\/wp-content\/uploads\/2009\/08\/Titania.png?fit=566%2C524&ssl=1&resize=350%2C200 1x, https:\/\/i0.wp.com\/www.voilesdantan.org\/wp-content\/uploads\/2009\/08\/Titania.png?fit=566%2C524&ssl=1&resize=525%2C300 1.5x"},"classes":[]},{"id":2412,"url":"https:\/\/www.voilesdantan.org\/index.php\/2014\/02\/03\/liste-des-voiliers-du-leman-en-1946\/","url_meta":{"origin":2392,"position":3},"title":"Liste des voiliers du L\u00e9man en 1946","author":"GrenierFlorent","date":"3 f\u00e9vrier 2014","format":false,"excerpt":"J'ai re\u00e7u il y a quelques temps d\u00e9j\u00e0 une enveloppe quelque peu myst\u00e9rieuse qui \u00e9tait libell\u00e9e ainsi: \"A notre \u00e9minent Pr\u00e9sident et son non moins honorable Tr\u00e9sorier, pour que vive l'AVAL. Amicalement, Jean-Claude (Aux bons soins de Paul)\". Dans cette enveloppe, j'ai eu la joie de d\u00e9couvrir - outre la\u2026","rel":"","context":"Dans &quot;Patrimoine L\u00e9manique&quot;","block_context":{"text":"Patrimoine L\u00e9manique","link":"https:\/\/www.voilesdantan.org\/index.php\/category\/patrimoine-lemanique\/"},"img":{"alt_text":"Liste des voiliers du L\u00e9man - 1946","src":"https:\/\/i0.wp.com\/www.voilesdantan.org\/wp-content\/uploads\/2014\/02\/voiliersduleman1946SNG.jpg?fit=411%2C255&ssl=1&resize=350%2C200","width":350,"height":200},"classes":[]},{"id":1312,"url":"https:\/\/www.voilesdantan.org\/index.php\/2010\/09\/08\/leman-et-aval-dans-la-revue-bateaux-de-septembre-2010\/","url_meta":{"origin":2392,"position":4},"title":"L\u00e9man et AVAL dans la revue BATEAUX de septembre 2010","author":"GrenierFlorent","date":"8 septembre 2010","format":false,"excerpt":"Sous la plume et les photos de V\u00e9ronique CHENEAU, un tr\u00e8s bel article sur le lac L\u00e9man dans la revue BATEAUX n\u00b0 628 de septembre 2010. On y retrouve \u00e9galement un encart sur l'AVAL, pr\u00e9sent\u00e9 par son pr\u00e9sident Jean-Fran\u00e7ois Traini. Ainsi qu'un article sur le prototype \"Puissance 4\" con\u00e7u et\u2026","rel":"","context":"Dans &quot;Patrimoine L\u00e9manique&quot;","block_context":{"text":"Patrimoine L\u00e9manique","link":"https:\/\/www.voilesdantan.org\/index.php\/category\/patrimoine-lemanique\/"},"img":{"alt_text":"","src":"https:\/\/i0.wp.com\/www.voilesdantan.org\/wp-content\/uploads\/2010\/09\/BATEAUX001-300x199.jpg?resize=350%2C200","width":350,"height":200},"classes":[]},{"id":1319,"url":"https:\/\/www.voilesdantan.org\/index.php\/2010\/09\/08\/journees-portes-ouvertes-a-laval-le-dimanche-19-septembre\/","url_meta":{"origin":2392,"position":5},"title":"Journ\u00e9es portes ouvertes \u00e0 l&rsquo;AVAL le dimanche 19 septembre","author":"GrenierFlorent","date":"8 septembre 2010","format":false,"excerpt":"Dans le cadre des \"Journ\u00e9es europ\u00e9ennes du Patrimoine\", l'association Atelier des Voiles d'Antan du L\u00e9man est heureuse de vous convier \u00e0 une journ\u00e9e \"Portes ouvertes\" le Dimanche 19 Septembre 2010 de 9 heures \u00e0 16 heures, 994 route du Lac \u00e0 Chens sur L\u00e9man. Un ap\u00e9ritif sera servi \u00e0 partir\u2026","rel":"","context":"Dans &quot;Derni\u00e8res nouvelles&quot;","block_context":{"text":"Derni\u00e8res nouvelles","link":"https:\/\/www.voilesdantan.org\/index.php\/category\/dernieres-nouvelles\/"},"img":{"alt_text":"","src":"https:\/\/i0.wp.com\/www.voilesdantan.org\/wp-content\/uploads\/2010\/09\/P10104891-300x225.jpg?resize=350%2C200","width":350,"height":200},"classes":[]}],"jetpack_shortlink":"https:\/\/wp.me\/pcN3JF-CA","jetpack_sharing_enabled":true,"_links":{"self":[{"href":"https:\/\/www.voilesdantan.org\/index.php\/wp-json\/wp\/v2\/posts\/2392","targetHints":{"allow":["GET"]}}],"collection":[{"href":"https:\/\/www.voilesdantan.org\/index.php\/wp-json\/wp\/v2\/posts"}],"about":[{"href":"https:\/\/www.voilesdantan.org\/index.php\/wp-json\/wp\/v2\/types\/post"}],"author":[{"embeddable":true,"href":"https:\/\/www.voilesdantan.org\/index.php\/wp-json\/wp\/v2\/users\/1"}],"replies":[{"embeddable":true,"href":"https:\/\/www.voilesdantan.org\/index.php\/wp-json\/wp\/v2\/comments?post=2392"}],"version-history":[{"count":0,"href":"https:\/\/www.voilesdantan.org\/index.php\/wp-json\/wp\/v2\/posts\/2392\/revisions"}],"wp:featuredmedia":[{"embeddable":true,"href":"https:\/\/www.voilesdantan.org\/index.php\/wp-json\/wp\/v2\/media\/2393"}],"wp:attachment":[{"href":"https:\/\/www.voilesdantan.org\/index.php\/wp-json\/wp\/v2\/media?parent=2392"}],"wp:term":[{"taxonomy":"category","embeddable":true,"href":"https:\/\/www.voilesdantan.org\/index.php\/wp-json\/wp\/v2\/categories?post=2392"},{"taxonomy":"post_tag","embeddable":true,"href":"https:\/\/www.voilesdantan.org\/index.php\/wp-json\/wp\/v2\/tags?post=2392"}],"curies":[{"name":"wp","href":"https:\/\/api.w.org\/{rel}","templated":true}]}}