{"id":2033,"date":"2012-02-08T14:36:35","date_gmt":"2012-02-08T13:36:35","guid":{"rendered":"http:\/\/www.voilesdantan.org\/?p=2033"},"modified":"2012-02-08T14:36:35","modified_gmt":"2012-02-08T13:36:35","slug":"poste-frontiere","status":"publish","type":"post","link":"https:\/\/www.voilesdantan.org\/index.php\/2012\/02\/08\/poste-frontiere\/","title":{"rendered":"Poste fronti\u00e8re"},"content":{"rendered":"<p style=\"text-align: justify;\"><a href=\"http:\/\/www.plonkreplonk.ch\/?a=8,53\" target=\"_blank\" rel=\"noopener\"><img data-recalc-dims=\"1\" loading=\"lazy\" decoding=\"async\" data-attachment-id=\"2034\" data-permalink=\"https:\/\/www.voilesdantan.org\/poste-frontiere-geneve-vaud\/\" data-orig-file=\"https:\/\/i0.wp.com\/www.voilesdantan.org\/wp-content\/uploads\/2012\/02\/poste-frontiere-Geneve-vaud.jpg?fit=225%2C161&amp;ssl=1\" data-orig-size=\"225,161\" data-comments-opened=\"1\" data-image-meta=\"{&quot;aperture&quot;:&quot;0&quot;,&quot;credit&quot;:&quot;&quot;,&quot;camera&quot;:&quot;&quot;,&quot;caption&quot;:&quot;&quot;,&quot;created_timestamp&quot;:&quot;0&quot;,&quot;copyright&quot;:&quot;&quot;,&quot;focal_length&quot;:&quot;0&quot;,&quot;iso&quot;:&quot;0&quot;,&quot;shutter_speed&quot;:&quot;0&quot;,&quot;title&quot;:&quot;&quot;,&quot;orientation&quot;:&quot;0&quot;}\" data-image-title=\"poste-frontiere-Geneve-vaud\" data-image-description=\"\" data-image-caption=\"\" data-large-file=\"https:\/\/i0.wp.com\/www.voilesdantan.org\/wp-content\/uploads\/2012\/02\/poste-frontiere-Geneve-vaud.jpg?fit=225%2C161&amp;ssl=1\" class=\"alignright  wp-image-2034\" title=\"poste-frontiere-Geneve-vaud\" src=\"https:\/\/i0.wp.com\/www.voilesdantan.org\/wp-content\/uploads\/2012\/02\/poste-frontiere-Geneve-vaud.jpg?resize=320%2C240\" alt=\"\" width=\"320\" height=\"240\" \/><\/a>Mon beau-p\u00e8re m&rsquo;a offert le n\u00b0 41 \u00ab\u00a0<strong>\u00d4 lacs<\/strong>\u00a0\u00bb de la revue L&rsquo;Alpe \u00e9dit\u00e9e par Gl\u00e9nat en 2008.<\/p>\n<p style=\"text-align: justify;\">Il y a pas mal de photos &#8211; et surtout de cartes postales &#8211; anciennes du Lac, et je ne peux pas r\u00e9sister \u00e0 partager avec vous cette illustration du poste fronti\u00e8re de Gen\u00e8ve-Vaud, aupr\u00e8s duquel se pressent pas mal de m\u00e9triques&#8230;<\/p>\n<p style=\"text-align: justify;\">En cliquant sur l&rsquo;image vous rejoindrez le site qui commercialise encore ces cartes.<\/p>\n","protected":false},"excerpt":{"rendered":"<p class=\"qua-blog-post-description\">Mon beau-p\u00e8re m&rsquo;a offert le n\u00b0 41 \u00ab\u00a0\u00d4 lacs\u00a0\u00bb de la revue L&rsquo;Alpe \u00e9dit\u00e9e par Gl\u00e9nat en 2008. Il y a pas mal de photos &#8211; et surtout de cartes postales &#8211; anciennes du Lac, et je ne peux pas r\u00e9sister \u00e0 partager avec vous cette illustration du poste fronti\u00e8re de Gen\u00e8ve-Vaud, aupr\u00e8s duquel se [&hellip;]<\/p>\n","protected":false},"author":1,"featured_media":2034,"comment_status":"open","ping_status":"closed","sticky":false,"template":"","format":"standard","meta":{"advanced_seo_description":"","jetpack_seo_html_title":"","jetpack_seo_noindex":false,"jetpack_post_was_ever_published":false,"_jetpack_newsletter_access":"","_jetpack_dont_email_post_to_subs":false,"_jetpack_newsletter_tier_id":0,"_jetpack_memberships_contains_paywalled_content":false,"_jetpack_memberships_contains_paid_content":false,"footnotes":""},"categories":[7],"tags":[59,60,61,62],"class_list":["post-2033","post","type-post","status-publish","format-standard","has-post-thumbnail","hentry","category-patrimoine-lemanique","tag-carte-postale","tag-frontiere","tag-geneve","tag-lac-leman"],"jetpack_featured_media_url":"https:\/\/i0.wp.com\/www.voilesdantan.org\/wp-content\/uploads\/2012\/02\/poste-frontiere-Geneve-vaud.jpg?fit=225%2C161&ssl=1","jetpack-related-posts":[{"id":2121,"url":"https:\/\/www.voilesdantan.org\/index.php\/2013\/03\/09\/niveau-lac-leman\/","url_meta":{"origin":2033,"position":0},"title":"Le niveau du lac L\u00e9man &#8230;","author":"GrenierFlorent","date":"9 mars 2013","format":false,"excerpt":"Chaque ann\u00e9e, selon une convention intercantonale sign\u00e9e en 1884 entre les cantons de Vaud, du Valais et Gen\u00e8ve. le niveau du lac L\u00e9man baisse, d\u00e8s le mois de janvier, afin de permettre les travaux d'entretien des berges et pontons du lac. Du 15 mars au 15 avril, le niveau maximal\u2026","rel":"","context":"Dans &quot;Patrimoine L\u00e9manique&quot;","block_context":{"text":"Patrimoine L\u00e9manique","link":"https:\/\/www.voilesdantan.org\/index.php\/category\/patrimoine-lemanique\/"},"img":{"alt_text":"","src":"https:\/\/i0.wp.com\/www.voilesdantan.org\/wp-content\/uploads\/2013\/03\/Niveau-Leman.png?fit=569%2C351&ssl=1&resize=350%2C200","width":350,"height":200,"srcset":"https:\/\/i0.wp.com\/www.voilesdantan.org\/wp-content\/uploads\/2013\/03\/Niveau-Leman.png?fit=569%2C351&ssl=1&resize=350%2C200 1x, https:\/\/i0.wp.com\/www.voilesdantan.org\/wp-content\/uploads\/2013\/03\/Niveau-Leman.png?fit=569%2C351&ssl=1&resize=525%2C300 1.5x"},"classes":[]},{"id":322,"url":"https:\/\/www.voilesdantan.org\/index.php\/2009\/08\/05\/simoun-moucheron-1941\/","url_meta":{"origin":2033,"position":1},"title":"Simoun &#8211; Moucheron (1941)","author":"GrenierFlorent","date":"5 ao\u00fbt 2009","format":false,"excerpt":"Simoun Patron : Jean-Fran\u00e7ois Trainy, pr\u00e9sident de l'AVAL Le \"Moucheron SNS\" (pour S\u00e9rie Nationale Suisse\") est un plan sign\u00e9 Henry COPPONEX \u00e0 Paris en 1934, alors que le futur c\u00e9l\u00e8bre architecte et r\u00e9gatier y terminait ses \u00e9tudes. Si d'aucuns y voient des lignes inspir\u00e9es du 6,50 SI \"Aigrette III\", gageons\u2026","rel":"","context":"Dans &quot;Nos bateaux&quot;","block_context":{"text":"Nos bateaux","link":"https:\/\/www.voilesdantan.org\/index.php\/category\/nos-bateaux\/"},"img":{"alt_text":"","src":"https:\/\/i0.wp.com\/www.voilesdantan.org\/wp-content\/uploads\/2009\/08\/Simoun11.jpg?fit=640%2C480&ssl=1&resize=350%2C200","width":350,"height":200,"srcset":"https:\/\/i0.wp.com\/www.voilesdantan.org\/wp-content\/uploads\/2009\/08\/Simoun11.jpg?fit=640%2C480&ssl=1&resize=350%2C200 1x, https:\/\/i0.wp.com\/www.voilesdantan.org\/wp-content\/uploads\/2009\/08\/Simoun11.jpg?fit=640%2C480&ssl=1&resize=525%2C300 1.5x"},"classes":[]},{"id":2412,"url":"https:\/\/www.voilesdantan.org\/index.php\/2014\/02\/03\/liste-des-voiliers-du-leman-en-1946\/","url_meta":{"origin":2033,"position":2},"title":"Liste des voiliers du L\u00e9man en 1946","author":"GrenierFlorent","date":"3 f\u00e9vrier 2014","format":false,"excerpt":"J'ai re\u00e7u il y a quelques temps d\u00e9j\u00e0 une enveloppe quelque peu myst\u00e9rieuse qui \u00e9tait libell\u00e9e ainsi: \"A notre \u00e9minent Pr\u00e9sident et son non moins honorable Tr\u00e9sorier, pour que vive l'AVAL. Amicalement, Jean-Claude (Aux bons soins de Paul)\". Dans cette enveloppe, j'ai eu la joie de d\u00e9couvrir - outre la\u2026","rel":"","context":"Dans &quot;Patrimoine L\u00e9manique&quot;","block_context":{"text":"Patrimoine L\u00e9manique","link":"https:\/\/www.voilesdantan.org\/index.php\/category\/patrimoine-lemanique\/"},"img":{"alt_text":"Liste des voiliers du L\u00e9man - 1946","src":"https:\/\/i0.wp.com\/www.voilesdantan.org\/wp-content\/uploads\/2014\/02\/voiliersduleman1946SNG.jpg?fit=411%2C255&ssl=1&resize=350%2C200","width":350,"height":200},"classes":[]},{"id":2243,"url":"https:\/\/www.voilesdantan.org\/index.php\/2013\/03\/09\/andre-guex-et-les-vents-du-leman\/","url_meta":{"origin":2033,"position":3},"title":"Andr\u00e9 Guex et les Vents du L\u00e9man","author":"GrenierFlorent","date":"9 mars 2013","format":false,"excerpt":"Andr\u00e9 Guex est n\u00e9 le 8 mai 1904, \u00e0 Vevey. Il \u00e9tudie \u00e0 l'Universit\u00e9 de Lausanne, o\u00f9 il obtient un doctorat en Lettres. Il enseigne au coll\u00e8ge puis au Gymnase Classique \u00e0 Lausanne (1934-1965). Andr\u00e9 Guex a \u00e9t\u00e9, sa vie durant, un passionn\u00e9 de navigation et de montagne. Le lac\u2026","rel":"","context":"Dans &quot;Patrimoine L\u00e9manique&quot;","block_context":{"text":"Patrimoine L\u00e9manique","link":"https:\/\/www.voilesdantan.org\/index.php\/category\/patrimoine-lemanique\/"},"img":{"alt_text":"Andr\u00e9 Guex","src":"https:\/\/i0.wp.com\/www.voilesdantan.org\/wp-content\/uploads\/2013\/03\/Andr%C3%A9-Guex1.jpg?resize=350%2C200","width":350,"height":200},"classes":[]},{"id":2078,"url":"https:\/\/www.voilesdantan.org\/index.php\/2012\/02\/24\/snipe-deriveur-leman\/","url_meta":{"origin":2033,"position":4},"title":"Snipe : Les belles ann\u00e9es des d\u00e9riveurs du L\u00e9man","author":"GrenierFlorent","date":"24 f\u00e9vrier 2012","format":false,"excerpt":"\"Avec ce bateau vous ne sortirez jamais du port !...\" Le moral \u00e9tait d\u00e9j\u00e0 bas, pour nous marins d'eau douce, livr\u00e9s \u00e0 une mer d\u00e9cha\u00een\u00e9e, et ces paroles d'un loup de mer achev\u00e8rent de nous \u00f4ter le plaisir que nous avions \u00e0 participer aux Championnats de France. Par contre, l'\u2026","rel":"","context":"Dans &quot;Patrimoine L\u00e9manique&quot;","block_context":{"text":"Patrimoine L\u00e9manique","link":"https:\/\/www.voilesdantan.org\/index.php\/category\/patrimoine-lemanique\/"},"img":{"alt_text":"","src":"https:\/\/i0.wp.com\/www.voilesdantan.org\/wp-content\/uploads\/2012\/02\/snipes.jpg?fit=449%2C317&ssl=1&resize=350%2C200","width":350,"height":200},"classes":[]},{"id":1270,"url":"https:\/\/www.voilesdantan.org\/index.php\/2010\/07\/13\/defis-du-cinquantieme-nernier\/","url_meta":{"origin":2033,"position":5},"title":"D\u00e9fis du cinquanti\u00e8me &#8211; Nernier","author":"GrenierFlorent","date":"13 juillet 2010","format":false,"excerpt":"\u00c7a y est, les choses se pr\u00e9cisent ! Comme ceux qui ont assist\u00e9 aux r\u00e9unions pr\u00e9paratoires le savent d\u00e9j\u00e0, l'Atelier des Voiles d'Antan du L\u00e9man s'est joint \u00e0 l'association \"La Licorne\" et au C2NY, Club Nautique Nernier-Yvoire (www.c2ny.org) pour organiser une r\u00e9gate de vieux gr\u00e9ements \u00e0 l'occasion des cinquante ans\u2026","rel":"","context":"Dans &quot;Patrimoine L\u00e9manique&quot;","block_context":{"text":"Patrimoine L\u00e9manique","link":"https:\/\/www.voilesdantan.org\/index.php\/category\/patrimoine-lemanique\/"},"img":{"alt_text":"","src":"https:\/\/i0.wp.com\/www.voilesdantan.org\/wp-content\/uploads\/2010\/07\/affiche-defis-cinquantieme-nernier.jpg?fit=598%2C842&ssl=1&resize=350%2C200","width":350,"height":200,"srcset":"https:\/\/i0.wp.com\/www.voilesdantan.org\/wp-content\/uploads\/2010\/07\/affiche-defis-cinquantieme-nernier.jpg?fit=598%2C842&ssl=1&resize=350%2C200 1x, https:\/\/i0.wp.com\/www.voilesdantan.org\/wp-content\/uploads\/2010\/07\/affiche-defis-cinquantieme-nernier.jpg?fit=598%2C842&ssl=1&resize=525%2C300 1.5x"},"classes":[]}],"jetpack_shortlink":"https:\/\/wp.me\/pcN3JF-wN","jetpack_sharing_enabled":true,"_links":{"self":[{"href":"https:\/\/www.voilesdantan.org\/index.php\/wp-json\/wp\/v2\/posts\/2033","targetHints":{"allow":["GET"]}}],"collection":[{"href":"https:\/\/www.voilesdantan.org\/index.php\/wp-json\/wp\/v2\/posts"}],"about":[{"href":"https:\/\/www.voilesdantan.org\/index.php\/wp-json\/wp\/v2\/types\/post"}],"author":[{"embeddable":true,"href":"https:\/\/www.voilesdantan.org\/index.php\/wp-json\/wp\/v2\/users\/1"}],"replies":[{"embeddable":true,"href":"https:\/\/www.voilesdantan.org\/index.php\/wp-json\/wp\/v2\/comments?post=2033"}],"version-history":[{"count":0,"href":"https:\/\/www.voilesdantan.org\/index.php\/wp-json\/wp\/v2\/posts\/2033\/revisions"}],"wp:featuredmedia":[{"embeddable":true,"href":"https:\/\/www.voilesdantan.org\/index.php\/wp-json\/wp\/v2\/media\/2034"}],"wp:attachment":[{"href":"https:\/\/www.voilesdantan.org\/index.php\/wp-json\/wp\/v2\/media?parent=2033"}],"wp:term":[{"taxonomy":"category","embeddable":true,"href":"https:\/\/www.voilesdantan.org\/index.php\/wp-json\/wp\/v2\/categories?post=2033"},{"taxonomy":"post_tag","embeddable":true,"href":"https:\/\/www.voilesdantan.org\/index.php\/wp-json\/wp\/v2\/tags?post=2033"}],"curies":[{"name":"wp","href":"https:\/\/api.w.org\/{rel}","templated":true}]}}