{"id":1270,"date":"2010-07-13T08:50:36","date_gmt":"2010-07-13T06:50:36","guid":{"rendered":"http:\/\/www.voilesdantan.org\/?p=1605"},"modified":"2021-02-19T20:58:14","modified_gmt":"2021-02-19T19:58:14","slug":"defis-du-cinquantieme-nernier","status":"publish","type":"post","link":"https:\/\/www.voilesdantan.org\/index.php\/2010\/07\/13\/defis-du-cinquantieme-nernier\/","title":{"rendered":"D\u00e9fis du cinquanti\u00e8me &#8211; Nernier"},"content":{"rendered":"<p style=\"text-align: center;\">\n<div id=\"attachment_1271\" style=\"width: 223px\" class=\"wp-caption aligncenter\"><a href=\"https:\/\/i0.wp.com\/www.voilesdantan.org\/wp-content\/uploads\/2010\/07\/affiche-defis-cinquantieme-nernier.jpg\"><img data-recalc-dims=\"1\" loading=\"lazy\" decoding=\"async\" aria-describedby=\"caption-attachment-1271\" data-attachment-id=\"1271\" data-permalink=\"https:\/\/www.voilesdantan.org\/affiche-defis-cinquantieme-nernier\/\" data-orig-file=\"https:\/\/i0.wp.com\/www.voilesdantan.org\/wp-content\/uploads\/2010\/07\/affiche-defis-cinquantieme-nernier.jpg?fit=598%2C842&amp;ssl=1\" data-orig-size=\"598,842\" data-comments-opened=\"0\" data-image-meta=\"{&quot;aperture&quot;:&quot;0&quot;,&quot;credit&quot;:&quot;&quot;,&quot;camera&quot;:&quot;&quot;,&quot;caption&quot;:&quot;&quot;,&quot;created_timestamp&quot;:&quot;0&quot;,&quot;copyright&quot;:&quot;&quot;,&quot;focal_length&quot;:&quot;0&quot;,&quot;iso&quot;:&quot;0&quot;,&quot;shutter_speed&quot;:&quot;0&quot;,&quot;title&quot;:&quot;&quot;,&quot;orientation&quot;:&quot;1&quot;}\" data-image-title=\"affiche defis cinquantieme nernier\" data-image-description=\"\" data-image-caption=\"&lt;p&gt;Affiche des d\u00e9fis du cinquanti\u00e8me &amp;#8211; Nernier &amp;#8211; 31 juillet et 1er ao\u00fbt&lt;\/p&gt;\n\" data-large-file=\"https:\/\/i0.wp.com\/www.voilesdantan.org\/wp-content\/uploads\/2010\/07\/affiche-defis-cinquantieme-nernier.jpg?fit=598%2C842&amp;ssl=1\" class=\"size-medium wp-image-1271 \" title=\"affiche defis cinquantieme nernier\" src=\"https:\/\/i0.wp.com\/www.voilesdantan.org\/wp-content\/uploads\/2010\/07\/affiche-defis-cinquantieme-nernier-213x300.jpg?resize=213%2C300\" alt=\"\" width=\"213\" height=\"300\" srcset=\"https:\/\/i0.wp.com\/www.voilesdantan.org\/wp-content\/uploads\/2010\/07\/affiche-defis-cinquantieme-nernier.jpg?resize=213%2C300&amp;ssl=1 213w, https:\/\/i0.wp.com\/www.voilesdantan.org\/wp-content\/uploads\/2010\/07\/affiche-defis-cinquantieme-nernier.jpg?w=598&amp;ssl=1 598w\" sizes=\"auto, (max-width: 213px) 100vw, 213px\" \/><\/a><p id=\"caption-attachment-1271\" class=\"wp-caption-text\">Affiche D\u00e9fi du cinquanti\u00e8me - Nernier - 31 juillet et 1er ao\u00fbt<\/p><\/div>\n<p>\u00c7a y est, les choses se pr\u00e9cisent ! Comme ceux qui ont assist\u00e9 aux r\u00e9unions pr\u00e9paratoires le savent d\u00e9j\u00e0, l&rsquo;Atelier des Voiles d&rsquo;Antan du L\u00e9man s&rsquo;est joint \u00e0 l&rsquo;association \u00ab\u00a0<strong>La Licorne<\/strong>\u00a0\u00bb et au <strong>C2NY, Club Nautique Nernier-Yvoire<\/strong> (<a title=\"Site du C2NY\" href=\"http:\/\/www.c2ny.org\" target=\"_blank\" rel=\"noopener\">www.c2ny.org<\/a>) pour organiser une r\u00e9gate de vieux gr\u00e9ements \u00e0 l&rsquo;occasion des cinquante ans de ce dernier.<\/p>\n<p>Le C2NY, initialement nomm\u00e9 \u00ab\u00a0Cercle de Voile de Roveriaz\u00a0\u00bb du nom de la pointe de Rovor\u00e9e (Yvoire) qui s\u00e9pare le \u00ab\u00a0Petit Lac\u00a0\u00bb du \u00ab\u00a0Grand Lac\u00a0\u00bb c\u00f4t\u00e9 fran\u00e7ais, a su de tous temps innover, notamment \u00e0 travers l&rsquo;organisation de sa r\u00e9gate phare des \u00ab\u00a06 Heures de Nernier\u00a0\u00bb qui est devenue l&rsquo;une des trois principales du L\u00e9man par son nombre de participants, juste derri\u00e8re la \u00ab\u00a0Gen\u00e8ve-Rolle\u00a0\u00bb et le mythique \u00ab\u00a0Bol d&rsquo;Or\u00a0\u00bb.<\/p>\n<p>Aujourd&rsquo;hui encore, c&rsquo;est une id\u00e9e novatrice qui voit le jour \u00e0 travers le lancement des \u00ab\u00a0<strong>D\u00e9fis du Cinquanti\u00e8me<\/strong>\u00a0\u00bb :<\/p>\n<p>En effet, la r\u00e9gate du Samedi est un parcours classique en deux parties, reprenant le parcours historique des \u00ab\u00a06 heures de Nernier\u00a0\u00bb :<\/p>\n<ul>\n<li>\u00ab\u00a0<strong>Racers<\/strong>\u00a0\u00bb pour les coursiers sauvages (l&rsquo;auteur du terme se reconna\u00eetra !)<\/li>\n<li>\u00ab\u00a0<strong>Cruisers<\/strong>\u00a0\u00bb pour les amateurs de belle ballade devant Nernier et Yvoire. En r\u00e9gate &#8211; certes &#8211; mais avec la cuisini\u00e8re (et le sommelier) \u00e0 bord !<\/li>\n<\/ul>\n<p>Les prix seront attribu\u00e9s par cat\u00e9gorie d&rsquo;age et aux vainqueurs de toutes les s\u00e9ries\/classes repr\u00e9sent\u00e9es par au moins cinq bateaux.<\/p>\n<p>&#8230; MAIS&#8230; les choses se compliquent \u00e0 l&rsquo;occasion de la soir\u00e9e des \u00e9quipages qui &#8211; en plus d&rsquo;une f\u00eate \u00e0 tout casser &#8211; verra le moment des <strong>D\u00c9FIS <\/strong>:<\/p>\n<p>Chaque skipper pourra alors \u00ab\u00a0jeter le gant\u00a0\u00bb \u00e0 l&rsquo;adversaire de son choix en pr\u00e9vision de la r\u00e9gate du lendemain qui se fera en Match-racing.<\/p>\n<p>Le d\u00e9fi devra \u00eatre lanc\u00e9 par \u00ab\u00a0gentleman agreement\u00a0\u00bb contre un bateau de la m\u00eame classe \/ s\u00e9rie \/ jauge, et\/ou contre un bateau qui a montr\u00e9 des r\u00e9sultats comparables lors des manches du samedi. Il va y avoir du sport !<\/p>\n<p>Le Dimanche, un d\u00e9part toutes les dix minutes et un couloir de d\u00e9gagement obligatoire devant le port de Nernier permettront au public d&rsquo;\u00eatre aux premi\u00e8res loges pour admirer nos beaux oiseaux blancs qui m\u00e8neront \u00e0 bien leur duel amical (nous l&rsquo;esp\u00e9rons&#8230;), mais fratricide (c&rsquo;est s\u00fbr !). L&rsquo;enjeu ? Une bouteille de Champagne \u00e0 chaque vainqueur de duel, histoire de f\u00eater \u00e7a dignement tout de suite&#8230; ou plus tard.<\/p>\n<p>Voil\u00e0 un programme qui, je l&rsquo;esp\u00e8re, titille d\u00e9j\u00e0 votre subconscient d&rsquo;amateur de la \u00ab\u00a0Belle plaisance\u00a0\u00bb !<\/p>\n<p>Attention, le nombre de places est limit\u00e9: Gr\u00e2ce \u00e0 la Mairie de Nernier, nous avons pu obtenir de lib\u00e9rer 40 places sur les deux pontons qui se font vis \u00e0 vis devant le \u00ab\u00a0Quai des d\u00e9riveurs\u00a0\u00bb o\u00f9 se d\u00e9roulera la f\u00eate. Nous aurons au mieux dix autres places au ponton \u00ab\u00a0visiteurs\u00a0\u00bb pour les plus grosses unit\u00e9s. \u00c7a n&rsquo;a pas \u00e9t\u00e9 une mince affaire dans un port qui compte pr\u00e9cis\u00e9ment 232 places \u00e0 l&rsquo;eau !<\/p>\n<p>Alors, pensez \u00e0 vous pr\u00e9-inscrire sur le site du C2NY car nous ne pourrons garantir l&rsquo;amarrage pour les arrivants de derni\u00e8re minute &#8230; Vous devriez \u00e9galement lire l&rsquo;<a title=\"Lire l'avis de course\" href=\"http:\/\/www.voilesdantan.org\/wp-content\/uploads\/2010\/07\/Defi-du-cinquantieme-Avis-de-course.pdf\" target=\"_blank\" rel=\"noopener\">avis de course<\/a>. Et un dernier conseil : \u00ab\u00a0N&rsquo;oubliez pas votre pavois&#8230;\u00a0\u00bb<\/p>\n<p>Que Zeus et Eole nous accordent une belle f\u00eate!<\/p>\n<p>J&rsquo;abaisse une fois le pavillon pour vous saluer,<\/p>\n<p>Jean-Fran\u00e7ois Traini, Pr\u00e9sident de l&rsquo;Atelier des Voiles d&rsquo;Antan du L\u00e9man<\/p>\n","protected":false},"excerpt":{"rendered":"<p class=\"qua-blog-post-description\">\u00c7a y est, les choses se pr\u00e9cisent ! Comme ceux qui ont assist\u00e9 aux r\u00e9unions pr\u00e9paratoires le savent d\u00e9j\u00e0, l&rsquo;Atelier des Voiles d&rsquo;Antan du L\u00e9man s&rsquo;est joint \u00e0 l&rsquo;association \u00ab\u00a0La Licorne\u00a0\u00bb et au C2NY, Club Nautique Nernier-Yvoire (www.c2ny.org) pour organiser une r\u00e9gate de vieux gr\u00e9ements \u00e0 l&rsquo;occasion des cinquante ans de ce dernier. Le C2NY, [&hellip;]<\/p>\n","protected":false},"author":1,"featured_media":1271,"comment_status":"closed","ping_status":"closed","sticky":false,"template":"","format":"standard","meta":{"advanced_seo_description":"","jetpack_seo_html_title":"","jetpack_seo_noindex":false,"jetpack_post_was_ever_published":false,"_jetpack_newsletter_access":"","_jetpack_dont_email_post_to_subs":false,"_jetpack_newsletter_tier_id":0,"_jetpack_memberships_contains_paywalled_content":false,"_jetpack_memberships_contains_paid_content":false,"footnotes":""},"categories":[7],"tags":[],"class_list":["post-1270","post","type-post","status-publish","format-standard","has-post-thumbnail","hentry","category-patrimoine-lemanique"],"jetpack_featured_media_url":"https:\/\/i0.wp.com\/www.voilesdantan.org\/wp-content\/uploads\/2010\/07\/affiche-defis-cinquantieme-nernier.jpg?fit=598%2C842&ssl=1","jetpack-related-posts":[{"id":2078,"url":"https:\/\/www.voilesdantan.org\/index.php\/2012\/02\/24\/snipe-deriveur-leman\/","url_meta":{"origin":1270,"position":0},"title":"Snipe : Les belles ann\u00e9es des d\u00e9riveurs du L\u00e9man","author":"GrenierFlorent","date":"24 f\u00e9vrier 2012","format":false,"excerpt":"\"Avec ce bateau vous ne sortirez jamais du port !...\" Le moral \u00e9tait d\u00e9j\u00e0 bas, pour nous marins d'eau douce, livr\u00e9s \u00e0 une mer d\u00e9cha\u00een\u00e9e, et ces paroles d'un loup de mer achev\u00e8rent de nous \u00f4ter le plaisir que nous avions \u00e0 participer aux Championnats de France. Par contre, l'\u2026","rel":"","context":"Dans &quot;Patrimoine L\u00e9manique&quot;","block_context":{"text":"Patrimoine L\u00e9manique","link":"https:\/\/www.voilesdantan.org\/index.php\/category\/patrimoine-lemanique\/"},"img":{"alt_text":"","src":"https:\/\/i0.wp.com\/www.voilesdantan.org\/wp-content\/uploads\/2012\/02\/snipes.jpg?fit=449%2C317&ssl=1&resize=350%2C200","width":350,"height":200},"classes":[]},{"id":1319,"url":"https:\/\/www.voilesdantan.org\/index.php\/2010\/09\/08\/journees-portes-ouvertes-a-laval-le-dimanche-19-septembre\/","url_meta":{"origin":1270,"position":1},"title":"Journ\u00e9es portes ouvertes \u00e0 l&rsquo;AVAL le dimanche 19 septembre","author":"GrenierFlorent","date":"8 septembre 2010","format":false,"excerpt":"Dans le cadre des \"Journ\u00e9es europ\u00e9ennes du Patrimoine\", l'association Atelier des Voiles d'Antan du L\u00e9man est heureuse de vous convier \u00e0 une journ\u00e9e \"Portes ouvertes\" le Dimanche 19 Septembre 2010 de 9 heures \u00e0 16 heures, 994 route du Lac \u00e0 Chens sur L\u00e9man. Un ap\u00e9ritif sera servi \u00e0 partir\u2026","rel":"","context":"Dans &quot;Derni\u00e8res nouvelles&quot;","block_context":{"text":"Derni\u00e8res nouvelles","link":"https:\/\/www.voilesdantan.org\/index.php\/category\/dernieres-nouvelles\/"},"img":{"alt_text":"","src":"https:\/\/i0.wp.com\/www.voilesdantan.org\/wp-content\/uploads\/2010\/09\/P10104891-300x225.jpg?resize=350%2C200","width":350,"height":200},"classes":[]},{"id":2361,"url":"https:\/\/www.voilesdantan.org\/index.php\/2013\/11\/22\/guide-du-spectateur-de-regates-voile\/","url_meta":{"origin":1270,"position":2},"title":"Guide du spectateur de r\u00e9gates \u00e0 voile","author":"GrenierFlorent","date":"22 novembre 2013","format":false,"excerpt":"Notre ami Jean-Claude a retrouv\u00e9 ce guide \u00e9crit - sans doute dans les ann\u00e9es 50 - par Georges Leblanc, pr\u00e9sident du SNLF (Soci\u00e9t\u00e9 Nautique du L\u00e9man Fran\u00e7ais). \"Le yachting jouit chaque jour davantage de la faveur du public. Le nombre des yachtmen s'accroit d'ann\u00e9e en ann\u00e9e, et les spectateurs paraissent\u2026","rel":"","context":"Dans &quot;Patrimoine L\u00e9manique&quot;","block_context":{"text":"Patrimoine L\u00e9manique","link":"https:\/\/www.voilesdantan.org\/index.php\/category\/patrimoine-lemanique\/"},"img":{"alt_text":"Guide du spectateur de regate a voile","src":"https:\/\/i0.wp.com\/www.voilesdantan.org\/wp-content\/uploads\/2013\/11\/Guide-du-spectateur-de-regate-a-voile.jpg?fit=532%2C667&ssl=1&resize=350%2C200","width":350,"height":200,"srcset":"https:\/\/i0.wp.com\/www.voilesdantan.org\/wp-content\/uploads\/2013\/11\/Guide-du-spectateur-de-regate-a-voile.jpg?fit=532%2C667&ssl=1&resize=350%2C200 1x, https:\/\/i0.wp.com\/www.voilesdantan.org\/wp-content\/uploads\/2013\/11\/Guide-du-spectateur-de-regate-a-voile.jpg?fit=532%2C667&ssl=1&resize=525%2C300 1.5x"},"classes":[]},{"id":2243,"url":"https:\/\/www.voilesdantan.org\/index.php\/2013\/03\/09\/andre-guex-et-les-vents-du-leman\/","url_meta":{"origin":1270,"position":3},"title":"Andr\u00e9 Guex et les Vents du L\u00e9man","author":"GrenierFlorent","date":"9 mars 2013","format":false,"excerpt":"Andr\u00e9 Guex est n\u00e9 le 8 mai 1904, \u00e0 Vevey. Il \u00e9tudie \u00e0 l'Universit\u00e9 de Lausanne, o\u00f9 il obtient un doctorat en Lettres. Il enseigne au coll\u00e8ge puis au Gymnase Classique \u00e0 Lausanne (1934-1965). Andr\u00e9 Guex a \u00e9t\u00e9, sa vie durant, un passionn\u00e9 de navigation et de montagne. Le lac\u2026","rel":"","context":"Dans &quot;Patrimoine L\u00e9manique&quot;","block_context":{"text":"Patrimoine L\u00e9manique","link":"https:\/\/www.voilesdantan.org\/index.php\/category\/patrimoine-lemanique\/"},"img":{"alt_text":"Andr\u00e9 Guex","src":"https:\/\/i0.wp.com\/www.voilesdantan.org\/wp-content\/uploads\/2013\/03\/Andr%C3%A9-Guex1.jpg?resize=350%2C200","width":350,"height":200},"classes":[]},{"id":382,"url":"https:\/\/www.voilesdantan.org\/index.php\/2009\/08\/05\/les-bateaux-de-costaguta-sur-le-leman\/","url_meta":{"origin":1270,"position":4},"title":"Les bateaux de Costaguta sur le L\u00e9man","author":"GrenierFlorent","date":"5 ao\u00fbt 2009","format":false,"excerpt":"De 1908 \u00e0 1912, plusieurs yachts italiens de grande qualit\u00e9 apparaissent dans les eaux genevoises. Il est int\u00e9ressant de comprendre pourquoi certains navigateurs de la SNG se sont tourn\u00e9s soudain vers le fameux constructeur de Voltri. Le 2 tonneaux Calliope et les bateaux de Costaguta sur le L\u00e9man","rel":"","context":"Dans &quot;Patrimoine L\u00e9manique&quot;","block_context":{"text":"Patrimoine L\u00e9manique","link":"https:\/\/www.voilesdantan.org\/index.php\/category\/patrimoine-lemanique\/"},"img":{"alt_text":"","src":"https:\/\/i0.wp.com\/www.voilesdantan.org\/wp-content\/uploads\/2009\/08\/Titania.png?fit=566%2C524&ssl=1&resize=350%2C200","width":350,"height":200,"srcset":"https:\/\/i0.wp.com\/www.voilesdantan.org\/wp-content\/uploads\/2009\/08\/Titania.png?fit=566%2C524&ssl=1&resize=350%2C200 1x, https:\/\/i0.wp.com\/www.voilesdantan.org\/wp-content\/uploads\/2009\/08\/Titania.png?fit=566%2C524&ssl=1&resize=525%2C300 1.5x"},"classes":[]},{"id":2080,"url":"https:\/\/www.voilesdantan.org\/index.php\/2012\/02\/27\/herreshoff-et-le-leman\/","url_meta":{"origin":1270,"position":5},"title":"Herreshoff et le L\u00e9man","author":"GrenierFlorent","date":"27 f\u00e9vrier 2012","format":false,"excerpt":"En voil\u00e0 donc un lien improbable entre \"le meilleur architecte naval de tous les temps\", comme certains n'ont pas h\u00e9sit\u00e9 \u00e0 l'appeler, et \"l'Oc\u00e9an des Alpes\",\u00a0 notre cher L\u00e9man... Nathanael Greene Herreshoff, \"Bristol Wizard\" Encore faudrait-il que ce lien existe: A ma connaissance, il n'y a pas de belle coque\u2026","rel":"","context":"Dans &quot;Patrimoine L\u00e9manique&quot;","block_context":{"text":"Patrimoine L\u00e9manique","link":"https:\/\/www.voilesdantan.org\/index.php\/category\/patrimoine-lemanique\/"},"img":{"alt_text":"","src":"https:\/\/i0.wp.com\/www.voilesdantan.org\/wp-content\/uploads\/2012\/02\/Oriole_NY_30.jpg?resize=350%2C200&ssl=1","width":350,"height":200},"classes":[]}],"jetpack_shortlink":"https:\/\/wp.me\/pcN3JF-ku","jetpack_sharing_enabled":true,"_links":{"self":[{"href":"https:\/\/www.voilesdantan.org\/index.php\/wp-json\/wp\/v2\/posts\/1270","targetHints":{"allow":["GET"]}}],"collection":[{"href":"https:\/\/www.voilesdantan.org\/index.php\/wp-json\/wp\/v2\/posts"}],"about":[{"href":"https:\/\/www.voilesdantan.org\/index.php\/wp-json\/wp\/v2\/types\/post"}],"author":[{"embeddable":true,"href":"https:\/\/www.voilesdantan.org\/index.php\/wp-json\/wp\/v2\/users\/1"}],"replies":[{"embeddable":true,"href":"https:\/\/www.voilesdantan.org\/index.php\/wp-json\/wp\/v2\/comments?post=1270"}],"version-history":[{"count":1,"href":"https:\/\/www.voilesdantan.org\/index.php\/wp-json\/wp\/v2\/posts\/1270\/revisions"}],"predecessor-version":[{"id":3936,"href":"https:\/\/www.voilesdantan.org\/index.php\/wp-json\/wp\/v2\/posts\/1270\/revisions\/3936"}],"wp:featuredmedia":[{"embeddable":true,"href":"https:\/\/www.voilesdantan.org\/index.php\/wp-json\/wp\/v2\/media\/1271"}],"wp:attachment":[{"href":"https:\/\/www.voilesdantan.org\/index.php\/wp-json\/wp\/v2\/media?parent=1270"}],"wp:term":[{"taxonomy":"category","embeddable":true,"href":"https:\/\/www.voilesdantan.org\/index.php\/wp-json\/wp\/v2\/categories?post=1270"},{"taxonomy":"post_tag","embeddable":true,"href":"https:\/\/www.voilesdantan.org\/index.php\/wp-json\/wp\/v2\/tags?post=1270"}],"curies":[{"name":"wp","href":"https:\/\/api.w.org\/{rel}","templated":true}]}}