{"id":1216,"date":"2010-06-21T13:09:40","date_gmt":"2010-06-21T11:09:40","guid":{"rendered":"http:\/\/www.voilesdantan.org\/?p=1605"},"modified":"2021-02-19T21:00:22","modified_gmt":"2021-02-19T20:00:22","slug":"un-canot-pour-un-projet-associatif","status":"publish","type":"post","link":"https:\/\/www.voilesdantan.org\/index.php\/2010\/06\/21\/un-canot-pour-un-projet-associatif\/","title":{"rendered":"Un canot pour un projet associatif"},"content":{"rendered":"<p>C&rsquo;est la deuxi\u00e8me fois que notre association d\u00e9roge \u00e0 la r\u00e8gle qui veut que tout bateau qui rentre dans nos locaux ait un propri\u00e9taire, y compris ceux qu&rsquo;on nous donne et que nous ne reprenons qu&rsquo;apr\u00e8s avoir trouv\u00e9 un passionn\u00e9 susceptible de mener \u00e0 bien la restauration qui lui permettra d&rsquo;avoir une seconde vie.<\/p>\n<p>Des \u00ab\u00a0tas de planches\u00a0\u00bb qui pourrissent aux quatre coins du L\u00e9man et d&rsquo;ailleurs, il y en a beaucoup, beaucoup plus malheureusement que de bras pour les refaire et les entretenir&#8230;<\/p>\n<p>La premi\u00e8re exception est le 6.50 SI \u00ab\u00a0Ara\u00a0\u00bb, construit en 1928 au Havre pour Paul Vignet pr\u00e9sident du SNLF de Thonon, qu&rsquo;il fallait mettre \u00e0 l&rsquo;abri d&rsquo;urgence (10 ans sur un parking!) et dont nous avons tous les documents d&rsquo;\u00e9poque.<\/p>\n<div id=\"attachment_1218\" style=\"width: 217px\" class=\"wp-caption aligncenter\"><a href=\"https:\/\/i0.wp.com\/www.voilesdantan.org\/wp-content\/uploads\/2010\/06\/Ara196012x9.jpg\"><img data-recalc-dims=\"1\" loading=\"lazy\" decoding=\"async\" aria-describedby=\"caption-attachment-1218\" data-attachment-id=\"1218\" data-permalink=\"https:\/\/www.voilesdantan.org\/ara196012x9\/\" data-orig-file=\"https:\/\/i0.wp.com\/www.voilesdantan.org\/wp-content\/uploads\/2010\/06\/Ara196012x9.jpg?fit=249%2C360&amp;ssl=1\" data-orig-size=\"249,360\" data-comments-opened=\"0\" data-image-meta=\"{&quot;aperture&quot;:&quot;0&quot;,&quot;credit&quot;:&quot;&quot;,&quot;camera&quot;:&quot;MP210 series&quot;,&quot;caption&quot;:&quot;&quot;,&quot;created_timestamp&quot;:&quot;1234457756&quot;,&quot;copyright&quot;:&quot;&quot;,&quot;focal_length&quot;:&quot;0&quot;,&quot;iso&quot;:&quot;0&quot;,&quot;shutter_speed&quot;:&quot;0&quot;,&quot;title&quot;:&quot;&quot;,&quot;orientation&quot;:&quot;1&quot;}\" data-image-title=\"Ara196012x9\" data-image-description=\"\" data-image-caption=\"&lt;p&gt;Ara, 6.5 SI de Thonon&lt;\/p&gt;\n\" data-large-file=\"https:\/\/i0.wp.com\/www.voilesdantan.org\/wp-content\/uploads\/2010\/06\/Ara196012x9.jpg?fit=249%2C360&amp;ssl=1\" class=\"size-medium wp-image-1218\" title=\"Ara196012x9\" src=\"https:\/\/i0.wp.com\/www.voilesdantan.org\/wp-content\/uploads\/2010\/06\/Ara196012x9-207x300.jpg?resize=207%2C300\" alt=\"\" width=\"207\" height=\"300\"><\/a><p id=\"caption-attachment-1218\" class=\"wp-caption-text\">Ara, 6.5 SI de Thonon<\/p><\/div>\n<p>Le bateau a \u00e9t\u00e9 mis au sec et stabilis\u00e9 (pon\u00e7age, d\u00e9capage et traitement anti-fongique) et il attend sereinement d\u00e9sormais une \u00e9quipe de deux ou trois passionn\u00e9s pour \u00eatre restaur\u00e9.<\/p>\n<div id=\"attachment_1219\" style=\"width: 310px\" class=\"wp-caption aligncenter\"><a href=\"https:\/\/i0.wp.com\/www.voilesdantan.org\/wp-content\/uploads\/2010\/06\/Ara12x9.jpg\"><img data-recalc-dims=\"1\" loading=\"lazy\" decoding=\"async\" aria-describedby=\"caption-attachment-1219\" data-attachment-id=\"1219\" data-permalink=\"https:\/\/www.voilesdantan.org\/ara12x9\/\" data-orig-file=\"https:\/\/i0.wp.com\/www.voilesdantan.org\/wp-content\/uploads\/2010\/06\/Ara12x9.jpg?fit=340%2C255&amp;ssl=1\" data-orig-size=\"340,255\" data-comments-opened=\"0\" data-image-meta=\"{&quot;aperture&quot;:&quot;5.2&quot;,&quot;credit&quot;:&quot;&quot;,&quot;camera&quot;:&quot;u820,S820&quot;,&quot;caption&quot;:&quot;OLYMPUS DIGITAL CAMERA&quot;,&quot;created_timestamp&quot;:&quot;1190367399&quot;,&quot;copyright&quot;:&quot;&quot;,&quot;focal_length&quot;:&quot;6.4&quot;,&quot;iso&quot;:&quot;50&quot;,&quot;shutter_speed&quot;:&quot;0.016666666666667&quot;,&quot;title&quot;:&quot;OLYMPUS DIGITAL CAMERA&quot;,&quot;orientation&quot;:&quot;1&quot;}\" data-image-title=\"Ara12x9\" data-image-description=\"\" data-image-caption=\"&lt;p&gt;Arriv\u00e9e d&amp;rsquo;Ara \u00e0 l&amp;rsquo;AVAL&lt;\/p&gt;\n\" data-large-file=\"https:\/\/i0.wp.com\/www.voilesdantan.org\/wp-content\/uploads\/2010\/06\/Ara12x9.jpg?fit=340%2C255&amp;ssl=1\" class=\"size-medium wp-image-1219\" title=\"Ara12x9\" src=\"https:\/\/i0.wp.com\/www.voilesdantan.org\/wp-content\/uploads\/2010\/06\/Ara12x9-300x225.jpg?resize=300%2C225\" alt=\"\" width=\"300\" height=\"225\" srcset=\"https:\/\/i0.wp.com\/www.voilesdantan.org\/wp-content\/uploads\/2010\/06\/Ara12x9.jpg?resize=300%2C225&amp;ssl=1 300w, https:\/\/i0.wp.com\/www.voilesdantan.org\/wp-content\/uploads\/2010\/06\/Ara12x9.jpg?w=340&amp;ssl=1 340w\" sizes=\"auto, (max-width: 300px) 100vw, 300px\" \/><\/a><p id=\"caption-attachment-1219\" class=\"wp-caption-text\">Arriv\u00e9e d'Ara \u00e0 l'AVAL<\/p><\/div>\n<p>Mais revenons au canot qui nous occupe!<\/p>\n<p>Fin Janvier 2010, j&rsquo;apprends par Jean-Fran\u00e7ois Andrier, membre de la commission technique de l&rsquo;AVAL, qu&rsquo;il y aurait un canot \u00e0 r\u00e9cup\u00e9rer \u00e0 M\u00e9singes. Rendez-vous est pris avec son propri\u00e9taire Vincent Buisson qui veut nous le donner pour une premi\u00e8re visite sur place&#8230;<\/p>\n<div id=\"attachment_1220\" style=\"width: 310px\" class=\"wp-caption aligncenter\"><a href=\"https:\/\/i0.wp.com\/www.voilesdantan.org\/wp-content\/uploads\/2010\/06\/2-La-barque-bachee12x9.jpg\"><img data-recalc-dims=\"1\" loading=\"lazy\" decoding=\"async\" aria-describedby=\"caption-attachment-1220\" data-attachment-id=\"1220\" data-permalink=\"https:\/\/www.voilesdantan.org\/2-la-barque-bachee12x9\/\" data-orig-file=\"https:\/\/i0.wp.com\/www.voilesdantan.org\/wp-content\/uploads\/2010\/06\/2-La-barque-bachee12x9.jpg?fit=340%2C255&amp;ssl=1\" data-orig-size=\"340,255\" data-comments-opened=\"0\" data-image-meta=\"{&quot;aperture&quot;:&quot;2.8&quot;,&quot;credit&quot;:&quot;&quot;,&quot;camera&quot;:&quot;DMC-FX12&quot;,&quot;caption&quot;:&quot;&quot;,&quot;created_timestamp&quot;:&quot;1267525401&quot;,&quot;copyright&quot;:&quot;&quot;,&quot;focal_length&quot;:&quot;5.8&quot;,&quot;iso&quot;:&quot;100&quot;,&quot;shutter_speed&quot;:&quot;0.003125&quot;,&quot;title&quot;:&quot;&quot;,&quot;orientation&quot;:&quot;1&quot;}\" data-image-title=\"2 La barque bachee12x9\" data-image-description=\"\" data-image-caption=\"&lt;p&gt;Si, si c&amp;rsquo;est un canot!&lt;\/p&gt;\n\" data-large-file=\"https:\/\/i0.wp.com\/www.voilesdantan.org\/wp-content\/uploads\/2010\/06\/2-La-barque-bachee12x9.jpg?fit=340%2C255&amp;ssl=1\" class=\"size-medium wp-image-1220\" title=\"2 La barque bachee12x9\" src=\"https:\/\/i0.wp.com\/www.voilesdantan.org\/wp-content\/uploads\/2010\/06\/2-La-barque-bachee12x9-300x225.jpg?resize=300%2C225\" alt=\"\" width=\"300\" height=\"225\" srcset=\"https:\/\/i0.wp.com\/www.voilesdantan.org\/wp-content\/uploads\/2010\/06\/2-La-barque-bachee12x9.jpg?resize=300%2C225&amp;ssl=1 300w, https:\/\/i0.wp.com\/www.voilesdantan.org\/wp-content\/uploads\/2010\/06\/2-La-barque-bachee12x9.jpg?w=340&amp;ssl=1 340w\" sizes=\"auto, (max-width: 300px) 100vw, 300px\" \/><\/a><p id=\"caption-attachment-1220\" class=\"wp-caption-text\">Si, si c'est un canot!<\/p><\/div>\n<p>Et on voit que l&rsquo;amour des bateaux bois m\u00e8ne \u00e0 beaucoup de choses:<\/p>\n<p>Culture cyn\u00e9matographique&#8230; Ooookai!<\/p>\n<div id=\"attachment_1221\" style=\"width: 310px\" class=\"wp-caption aligncenter\"><a href=\"https:\/\/i0.wp.com\/www.voilesdantan.org\/wp-content\/uploads\/2010\/06\/1-Un-nom-connu12x9.jpg\"><img data-recalc-dims=\"1\" loading=\"lazy\" decoding=\"async\" aria-describedby=\"caption-attachment-1221\" data-attachment-id=\"1221\" data-permalink=\"https:\/\/www.voilesdantan.org\/1-un-nom-connu12x9\/\" data-orig-file=\"https:\/\/i0.wp.com\/www.voilesdantan.org\/wp-content\/uploads\/2010\/06\/1-Un-nom-connu12x9.jpg?fit=340%2C255&amp;ssl=1\" data-orig-size=\"340,255\" data-comments-opened=\"0\" data-image-meta=\"{&quot;aperture&quot;:&quot;2.8&quot;,&quot;credit&quot;:&quot;&quot;,&quot;camera&quot;:&quot;DMC-FX12&quot;,&quot;caption&quot;:&quot;&quot;,&quot;created_timestamp&quot;:&quot;1267525356&quot;,&quot;copyright&quot;:&quot;&quot;,&quot;focal_length&quot;:&quot;5.8&quot;,&quot;iso&quot;:&quot;100&quot;,&quot;shutter_speed&quot;:&quot;0.004&quot;,&quot;title&quot;:&quot;&quot;,&quot;orientation&quot;:&quot;1&quot;}\" data-image-title=\"1 Un nom connu12x9\" data-image-description=\"\" data-image-caption=\"&lt;p&gt;Ce nom me dit quelque chose&amp;#8230;&lt;\/p&gt;\n\" data-large-file=\"https:\/\/i0.wp.com\/www.voilesdantan.org\/wp-content\/uploads\/2010\/06\/1-Un-nom-connu12x9.jpg?fit=340%2C255&amp;ssl=1\" class=\"size-medium wp-image-1221\" title=\"1 Un nom connu12x9\" src=\"https:\/\/i0.wp.com\/www.voilesdantan.org\/wp-content\/uploads\/2010\/06\/1-Un-nom-connu12x9-300x225.jpg?resize=300%2C225\" alt=\"\" width=\"300\" height=\"225\" srcset=\"https:\/\/i0.wp.com\/www.voilesdantan.org\/wp-content\/uploads\/2010\/06\/1-Un-nom-connu12x9.jpg?resize=300%2C225&amp;ssl=1 300w, https:\/\/i0.wp.com\/www.voilesdantan.org\/wp-content\/uploads\/2010\/06\/1-Un-nom-connu12x9.jpg?w=340&amp;ssl=1 340w\" sizes=\"auto, (max-width: 300px) 100vw, 300px\" \/><\/a><p id=\"caption-attachment-1221\" class=\"wp-caption-text\">Ce nom me dit quelque chose...<\/p><\/div>\n<p>Sp\u00e9l\u00e9ologie&#8230;<\/p>\n<div id=\"attachment_1222\" style=\"width: 310px\" class=\"wp-caption aligncenter\"><a href=\"https:\/\/i0.wp.com\/www.voilesdantan.org\/wp-content\/uploads\/2010\/06\/3-Un-peu-de-speleo12x9.jpg\"><img data-recalc-dims=\"1\" loading=\"lazy\" decoding=\"async\" aria-describedby=\"caption-attachment-1222\" data-attachment-id=\"1222\" data-permalink=\"https:\/\/www.voilesdantan.org\/3-un-peu-de-speleo12x9\/\" data-orig-file=\"https:\/\/i0.wp.com\/www.voilesdantan.org\/wp-content\/uploads\/2010\/06\/3-Un-peu-de-speleo12x9.jpg?fit=340%2C255&amp;ssl=1\" data-orig-size=\"340,255\" data-comments-opened=\"0\" data-image-meta=\"{&quot;aperture&quot;:&quot;2.8&quot;,&quot;credit&quot;:&quot;&quot;,&quot;camera&quot;:&quot;DMC-FX12&quot;,&quot;caption&quot;:&quot;&quot;,&quot;created_timestamp&quot;:&quot;1267525454&quot;,&quot;copyright&quot;:&quot;&quot;,&quot;focal_length&quot;:&quot;5.8&quot;,&quot;iso&quot;:&quot;200&quot;,&quot;shutter_speed&quot;:&quot;0.033333333333333&quot;,&quot;title&quot;:&quot;&quot;,&quot;orientation&quot;:&quot;1&quot;}\" data-image-title=\"3 Un peu de speleo12x9\" data-image-description=\"\" data-image-caption=\"&lt;p&gt;Il y a des courbes cass\u00e9es sur tribord&lt;\/p&gt;\n\" data-large-file=\"https:\/\/i0.wp.com\/www.voilesdantan.org\/wp-content\/uploads\/2010\/06\/3-Un-peu-de-speleo12x9.jpg?fit=340%2C255&amp;ssl=1\" class=\"size-medium wp-image-1222\" title=\"3 Un peu de speleo12x9\" src=\"https:\/\/i0.wp.com\/www.voilesdantan.org\/wp-content\/uploads\/2010\/06\/3-Un-peu-de-speleo12x9-300x225.jpg?resize=300%2C225\" alt=\"\" width=\"300\" height=\"225\" srcset=\"https:\/\/i0.wp.com\/www.voilesdantan.org\/wp-content\/uploads\/2010\/06\/3-Un-peu-de-speleo12x9.jpg?resize=300%2C225&amp;ssl=1 300w, https:\/\/i0.wp.com\/www.voilesdantan.org\/wp-content\/uploads\/2010\/06\/3-Un-peu-de-speleo12x9.jpg?w=340&amp;ssl=1 340w\" sizes=\"auto, (max-width: 300px) 100vw, 300px\" \/><\/a><p id=\"caption-attachment-1222\" class=\"wp-caption-text\">Il y a des courbes cass\u00e9es sur tribord<\/p><\/div>\n<p>Et oui, il a fallu passer entre le \u00ab\u00a0char\u00a0\u00bb agricole sur lequel le canot est pos\u00e9 et la b\u00e2che&#8230;<\/p>\n<p>Le 28 Mars 2010, les membres de l&rsquo;association se retrouvent nombreux pour un peu d&rsquo;exercice:<\/p>\n<p>Culture physique&#8230; Une, deux&#8230;<\/p>\n<div id=\"attachment_1223\" style=\"width: 310px\" class=\"wp-caption aligncenter\"><a href=\"https:\/\/i0.wp.com\/www.voilesdantan.org\/wp-content\/uploads\/2010\/06\/4-on-debache12x9.jpg\"><img data-recalc-dims=\"1\" loading=\"lazy\" decoding=\"async\" aria-describedby=\"caption-attachment-1223\" data-attachment-id=\"1223\" data-permalink=\"https:\/\/www.voilesdantan.org\/4-on-debache12x9\/\" data-orig-file=\"https:\/\/i0.wp.com\/www.voilesdantan.org\/wp-content\/uploads\/2010\/06\/4-on-debache12x9.jpg?fit=360%2C270&amp;ssl=1\" data-orig-size=\"360,270\" data-comments-opened=\"0\" data-image-meta=\"{&quot;aperture&quot;:&quot;3.3&quot;,&quot;credit&quot;:&quot;&quot;,&quot;camera&quot;:&quot;DMC-TZ6&quot;,&quot;caption&quot;:&quot;&quot;,&quot;created_timestamp&quot;:&quot;1268990928&quot;,&quot;copyright&quot;:&quot;&quot;,&quot;focal_length&quot;:&quot;4.1&quot;,&quot;iso&quot;:&quot;80&quot;,&quot;shutter_speed&quot;:&quot;0.0125&quot;,&quot;title&quot;:&quot;&quot;,&quot;orientation&quot;:&quot;1&quot;}\" data-image-title=\"4 on debache!12&amp;#215;9\" data-image-description=\"\" data-image-caption=\"&lt;p&gt;On d\u00e9bache!&lt;\/p&gt;\n\" data-large-file=\"https:\/\/i0.wp.com\/www.voilesdantan.org\/wp-content\/uploads\/2010\/06\/4-on-debache12x9.jpg?fit=360%2C270&amp;ssl=1\" class=\"size-medium wp-image-1223\" title=\"4 on debache!12x9\" src=\"https:\/\/i0.wp.com\/www.voilesdantan.org\/wp-content\/uploads\/2010\/06\/4-on-debache12x9-300x225.jpg?resize=300%2C225\" alt=\"\" width=\"300\" height=\"225\" srcset=\"https:\/\/i0.wp.com\/www.voilesdantan.org\/wp-content\/uploads\/2010\/06\/4-on-debache12x9.jpg?resize=300%2C225&amp;ssl=1 300w, https:\/\/i0.wp.com\/www.voilesdantan.org\/wp-content\/uploads\/2010\/06\/4-on-debache12x9.jpg?w=360&amp;ssl=1 360w\" sizes=\"auto, (max-width: 300px) 100vw, 300px\" \/><\/a><p id=\"caption-attachment-1223\" class=\"wp-caption-text\">On d\u00e9bache!<\/p><\/div>\n<p>Matelotage&#8230;<\/p>\n<div id=\"attachment_1224\" style=\"width: 310px\" class=\"wp-caption aligncenter\"><a href=\"https:\/\/i0.wp.com\/www.voilesdantan.org\/wp-content\/uploads\/2010\/06\/5-On-debache-toujours12x9.jpg\"><img data-recalc-dims=\"1\" loading=\"lazy\" decoding=\"async\" aria-describedby=\"caption-attachment-1224\" data-attachment-id=\"1224\" data-permalink=\"https:\/\/www.voilesdantan.org\/5-on-debache-toujours12x9\/\" data-orig-file=\"https:\/\/i0.wp.com\/www.voilesdantan.org\/wp-content\/uploads\/2010\/06\/5-On-debache-toujours12x9.jpg?fit=360%2C270&amp;ssl=1\" data-orig-size=\"360,270\" data-comments-opened=\"0\" data-image-meta=\"{&quot;aperture&quot;:&quot;3.3&quot;,&quot;credit&quot;:&quot;&quot;,&quot;camera&quot;:&quot;DMC-TZ6&quot;,&quot;caption&quot;:&quot;&quot;,&quot;created_timestamp&quot;:&quot;1268990935&quot;,&quot;copyright&quot;:&quot;&quot;,&quot;focal_length&quot;:&quot;4.1&quot;,&quot;iso&quot;:&quot;80&quot;,&quot;shutter_speed&quot;:&quot;0.01&quot;,&quot;title&quot;:&quot;&quot;,&quot;orientation&quot;:&quot;1&quot;}\" data-image-title=\"5 On debache toujours12x9\" data-image-description=\"\" data-image-caption=\"&lt;p&gt;On d\u00e9bache toujours&amp;#8230;&lt;\/p&gt;\n\" data-large-file=\"https:\/\/i0.wp.com\/www.voilesdantan.org\/wp-content\/uploads\/2010\/06\/5-On-debache-toujours12x9.jpg?fit=360%2C270&amp;ssl=1\" class=\"size-medium wp-image-1224\" title=\"5 On debache toujours12x9\" src=\"https:\/\/i0.wp.com\/www.voilesdantan.org\/wp-content\/uploads\/2010\/06\/5-On-debache-toujours12x9-300x225.jpg?resize=300%2C225\" alt=\"\" width=\"300\" height=\"225\" srcset=\"https:\/\/i0.wp.com\/www.voilesdantan.org\/wp-content\/uploads\/2010\/06\/5-On-debache-toujours12x9.jpg?resize=300%2C225&amp;ssl=1 300w, https:\/\/i0.wp.com\/www.voilesdantan.org\/wp-content\/uploads\/2010\/06\/5-On-debache-toujours12x9.jpg?w=360&amp;ssl=1 360w\" sizes=\"auto, (max-width: 300px) 100vw, 300px\" \/><\/a><p id=\"caption-attachment-1224\" class=\"wp-caption-text\">On d\u00e9bache toujours...<\/p><\/div>\n<p>Examen m\u00e9dical&#8230;<\/p>\n<div id=\"attachment_1225\" style=\"width: 310px\" class=\"wp-caption aligncenter\"><a href=\"https:\/\/i0.wp.com\/www.voilesdantan.org\/wp-content\/uploads\/2010\/06\/6-La-barque-enfin12x9.jpg\"><img data-recalc-dims=\"1\" loading=\"lazy\" decoding=\"async\" aria-describedby=\"caption-attachment-1225\" data-attachment-id=\"1225\" data-permalink=\"https:\/\/www.voilesdantan.org\/6-la-barque-enfin12x9\/\" data-orig-file=\"https:\/\/i0.wp.com\/www.voilesdantan.org\/wp-content\/uploads\/2010\/06\/6-La-barque-enfin12x9.jpg?fit=360%2C270&amp;ssl=1\" data-orig-size=\"360,270\" data-comments-opened=\"0\" data-image-meta=\"{&quot;aperture&quot;:&quot;3.3&quot;,&quot;credit&quot;:&quot;&quot;,&quot;camera&quot;:&quot;DMC-TZ6&quot;,&quot;caption&quot;:&quot;&quot;,&quot;created_timestamp&quot;:&quot;1268991023&quot;,&quot;copyright&quot;:&quot;&quot;,&quot;focal_length&quot;:&quot;4.1&quot;,&quot;iso&quot;:&quot;80&quot;,&quot;shutter_speed&quot;:&quot;0.0125&quot;,&quot;title&quot;:&quot;&quot;,&quot;orientation&quot;:&quot;1&quot;}\" data-image-title=\"6 La barque enfin12x9\" data-image-description=\"\" data-image-caption=\"&lt;p&gt;La barque enfin&amp;#8230;&lt;\/p&gt;\n\" data-large-file=\"https:\/\/i0.wp.com\/www.voilesdantan.org\/wp-content\/uploads\/2010\/06\/6-La-barque-enfin12x9.jpg?fit=360%2C270&amp;ssl=1\" class=\"size-medium wp-image-1225\" title=\"6 La barque enfin12x9\" src=\"https:\/\/i0.wp.com\/www.voilesdantan.org\/wp-content\/uploads\/2010\/06\/6-La-barque-enfin12x9-300x225.jpg?resize=300%2C225\" alt=\"\" width=\"300\" height=\"225\" srcset=\"https:\/\/i0.wp.com\/www.voilesdantan.org\/wp-content\/uploads\/2010\/06\/6-La-barque-enfin12x9.jpg?resize=300%2C225&amp;ssl=1 300w, https:\/\/i0.wp.com\/www.voilesdantan.org\/wp-content\/uploads\/2010\/06\/6-La-barque-enfin12x9.jpg?w=360&amp;ssl=1 360w\" sizes=\"auto, (max-width: 300px) 100vw, 300px\" \/><\/a><p id=\"caption-attachment-1225\" class=\"wp-caption-text\">La barque enfin...<\/p><\/div>\n<p>Le canot est en acajou, il mesure 5.25 m\u00e8tres de long, et autant qu&rsquo;on peut le voir, il s&rsquo;agit vraisemblablement d&rsquo;une construction Quiblier \u00e0 Coudr\u00e9e (Sciez)<\/p>\n<div id=\"attachment_1226\" style=\"width: 235px\" class=\"wp-caption aligncenter\"><a href=\"https:\/\/i0.wp.com\/www.voilesdantan.org\/wp-content\/uploads\/2010\/06\/7-Mauvaises-surprises12x9.jpg\"><img data-recalc-dims=\"1\" loading=\"lazy\" decoding=\"async\" aria-describedby=\"caption-attachment-1226\" data-attachment-id=\"1226\" data-permalink=\"https:\/\/www.voilesdantan.org\/7-mauvaises-surprises12x9\/\" data-orig-file=\"https:\/\/i0.wp.com\/www.voilesdantan.org\/wp-content\/uploads\/2010\/06\/7-Mauvaises-surprises12x9.jpg?fit=360%2C480&amp;ssl=1\" data-orig-size=\"360,480\" data-comments-opened=\"0\" data-image-meta=\"{&quot;aperture&quot;:&quot;3.3&quot;,&quot;credit&quot;:&quot;&quot;,&quot;camera&quot;:&quot;DMC-TZ6&quot;,&quot;caption&quot;:&quot;&quot;,&quot;created_timestamp&quot;:&quot;1268991036&quot;,&quot;copyright&quot;:&quot;&quot;,&quot;focal_length&quot;:&quot;4.1&quot;,&quot;iso&quot;:&quot;80&quot;,&quot;shutter_speed&quot;:&quot;0.0125&quot;,&quot;title&quot;:&quot;&quot;,&quot;orientation&quot;:&quot;1&quot;}\" data-image-title=\"7 Mauvaises surprises12x9\" data-image-description=\"\" data-image-caption=\"&lt;p&gt;Mauvaises surprises&amp;#8230; comme toujours.&lt;\/p&gt;\n\" data-large-file=\"https:\/\/i0.wp.com\/www.voilesdantan.org\/wp-content\/uploads\/2010\/06\/7-Mauvaises-surprises12x9.jpg?fit=360%2C480&amp;ssl=1\" class=\"size-medium wp-image-1226\" title=\"7 Mauvaises surprises12x9\" src=\"https:\/\/i0.wp.com\/www.voilesdantan.org\/wp-content\/uploads\/2010\/06\/7-Mauvaises-surprises12x9-225x300.jpg?resize=225%2C300\" alt=\"\" width=\"225\" height=\"300\" srcset=\"https:\/\/i0.wp.com\/www.voilesdantan.org\/wp-content\/uploads\/2010\/06\/7-Mauvaises-surprises12x9.jpg?resize=225%2C300&amp;ssl=1 225w, https:\/\/i0.wp.com\/www.voilesdantan.org\/wp-content\/uploads\/2010\/06\/7-Mauvaises-surprises12x9.jpg?w=360&amp;ssl=1 360w\" sizes=\"auto, (max-width: 225px) 100vw, 225px\" \/><\/a><p id=\"caption-attachment-1226\" class=\"wp-caption-text\">Mauvaises surprises... comme toujours.<\/p><\/div>\n<p>L&rsquo;examen laisse d&rsquo;ailleurs pr\u00e9voir quelques s\u00e9ances de remise en forme. Comme d&rsquo;habitude avec les bateaux qu&rsquo;on nous donne!<\/p>\n<p>Culture physique toujours&#8230;<\/p>\n<p><a href=\"https:\/\/i0.wp.com\/www.voilesdantan.org\/wp-content\/uploads\/2010\/06\/8-Retournee-et-sur-la-remorque12x9.jpg\"><img data-recalc-dims=\"1\" loading=\"lazy\" decoding=\"async\" data-attachment-id=\"1227\" data-permalink=\"https:\/\/www.voilesdantan.org\/8-retournee-et-sur-la-remorque12x9\/\" data-orig-file=\"https:\/\/i0.wp.com\/www.voilesdantan.org\/wp-content\/uploads\/2010\/06\/8-Retournee-et-sur-la-remorque12x9.jpg?fit=360%2C270&amp;ssl=1\" data-orig-size=\"360,270\" data-comments-opened=\"0\" data-image-meta=\"{&quot;aperture&quot;:&quot;3.3&quot;,&quot;credit&quot;:&quot;&quot;,&quot;camera&quot;:&quot;DMC-TZ6&quot;,&quot;caption&quot;:&quot;&quot;,&quot;created_timestamp&quot;:&quot;1268991495&quot;,&quot;copyright&quot;:&quot;&quot;,&quot;focal_length&quot;:&quot;4.1&quot;,&quot;iso&quot;:&quot;80&quot;,&quot;shutter_speed&quot;:&quot;0.02&quot;,&quot;title&quot;:&quot;&quot;,&quot;orientation&quot;:&quot;1&quot;}\" data-image-title=\"8 Retournee et sur la remorque12x9\" data-image-description=\"\" data-image-caption=\"\" data-large-file=\"https:\/\/i0.wp.com\/www.voilesdantan.org\/wp-content\/uploads\/2010\/06\/8-Retournee-et-sur-la-remorque12x9.jpg?fit=360%2C270&amp;ssl=1\" class=\"aligncenter size-medium wp-image-1227\" title=\"8 Retournee et sur la remorque12x9\" src=\"https:\/\/i0.wp.com\/www.voilesdantan.org\/wp-content\/uploads\/2010\/06\/8-Retournee-et-sur-la-remorque12x9-300x225.jpg?resize=300%2C225\" alt=\"Retourn\u00e9 et sur la remorque\" width=\"300\" height=\"225\" srcset=\"https:\/\/i0.wp.com\/www.voilesdantan.org\/wp-content\/uploads\/2010\/06\/8-Retournee-et-sur-la-remorque12x9.jpg?resize=300%2C225&amp;ssl=1 300w, https:\/\/i0.wp.com\/www.voilesdantan.org\/wp-content\/uploads\/2010\/06\/8-Retournee-et-sur-la-remorque12x9.jpg?w=360&amp;ssl=1 360w\" sizes=\"auto, (max-width: 300px) 100vw, 300px\" \/><\/a><\/p>\n<p>Vous avez rat\u00e9 le meilleur: Le salto arri\u00e8re carp\u00e9 pour passer le canot du char agricole sur la remorque: Il y avait besoin de bras et le photographe a \u00e9t\u00e9 mis \u00e0 contribution!<\/p>\n<p>&#8230; Mais apr\u00e8s tout, vous n&rsquo;aviez qu&rsquo;\u00e0 \u00eatre l\u00e0!&nbsp; Et il n&rsquo;est pas trop tard: Il y en aura d&rsquo;autres&#8230;<\/p>\n<div id=\"attachment_1228\" style=\"width: 310px\" class=\"wp-caption aligncenter\"><a href=\"https:\/\/i0.wp.com\/www.voilesdantan.org\/wp-content\/uploads\/2010\/06\/9-Bien-calee12x9.jpg\"><img data-recalc-dims=\"1\" loading=\"lazy\" decoding=\"async\" aria-describedby=\"caption-attachment-1228\" data-attachment-id=\"1228\" data-permalink=\"https:\/\/www.voilesdantan.org\/9-bien-calee12x9\/\" data-orig-file=\"https:\/\/i0.wp.com\/www.voilesdantan.org\/wp-content\/uploads\/2010\/06\/9-Bien-calee12x9.jpg?fit=360%2C270&amp;ssl=1\" data-orig-size=\"360,270\" data-comments-opened=\"0\" data-image-meta=\"{&quot;aperture&quot;:&quot;3.3&quot;,&quot;credit&quot;:&quot;&quot;,&quot;camera&quot;:&quot;DMC-TZ6&quot;,&quot;caption&quot;:&quot;&quot;,&quot;created_timestamp&quot;:&quot;1268991501&quot;,&quot;copyright&quot;:&quot;&quot;,&quot;focal_length&quot;:&quot;4.1&quot;,&quot;iso&quot;:&quot;80&quot;,&quot;shutter_speed&quot;:&quot;0.016666666666667&quot;,&quot;title&quot;:&quot;&quot;,&quot;orientation&quot;:&quot;1&quot;}\" data-image-title=\"9 Bien calee12x9\" data-image-description=\"\" data-image-caption=\"&lt;p&gt;Et hop! En place&amp;#8230;&lt;\/p&gt;\n\" data-large-file=\"https:\/\/i0.wp.com\/www.voilesdantan.org\/wp-content\/uploads\/2010\/06\/9-Bien-calee12x9.jpg?fit=360%2C270&amp;ssl=1\" class=\"size-medium wp-image-1228\" title=\"9 Bien calee12x9\" src=\"https:\/\/i0.wp.com\/www.voilesdantan.org\/wp-content\/uploads\/2010\/06\/9-Bien-calee12x9-300x225.jpg?resize=300%2C225\" alt=\"\" width=\"300\" height=\"225\" srcset=\"https:\/\/i0.wp.com\/www.voilesdantan.org\/wp-content\/uploads\/2010\/06\/9-Bien-calee12x9.jpg?resize=300%2C225&amp;ssl=1 300w, https:\/\/i0.wp.com\/www.voilesdantan.org\/wp-content\/uploads\/2010\/06\/9-Bien-calee12x9.jpg?w=360&amp;ssl=1 360w\" sizes=\"auto, (max-width: 300px) 100vw, 300px\" \/><\/a><p id=\"caption-attachment-1228\" class=\"wp-caption-text\">Et hop! En place...<\/p><\/div>\n<p>Vincent Buisson nous fait don \u00e9galement d&rsquo;une yole stock\u00e9e dans son atelier depuis fort fort longtemps (et qui avait d\u00fb conna\u00eetre une vie tr\u00e9pidante avant!)<\/p>\n<p>T\u00e9tris&#8230;<\/p>\n<div id=\"attachment_1229\" style=\"width: 310px\" class=\"wp-caption aligncenter\"><a href=\"https:\/\/i0.wp.com\/www.voilesdantan.org\/wp-content\/uploads\/2010\/06\/10-Attelee-avec-la-Yole12x9.jpg\"><img data-recalc-dims=\"1\" loading=\"lazy\" decoding=\"async\" aria-describedby=\"caption-attachment-1229\" data-attachment-id=\"1229\" data-permalink=\"https:\/\/www.voilesdantan.org\/10-attelee-avec-la-yole12x9\/\" data-orig-file=\"https:\/\/i0.wp.com\/www.voilesdantan.org\/wp-content\/uploads\/2010\/06\/10-Attelee-avec-la-Yole12x9.jpg?fit=360%2C270&amp;ssl=1\" data-orig-size=\"360,270\" data-comments-opened=\"0\" data-image-meta=\"{&quot;aperture&quot;:&quot;3.3&quot;,&quot;credit&quot;:&quot;&quot;,&quot;camera&quot;:&quot;DMC-TZ6&quot;,&quot;caption&quot;:&quot;&quot;,&quot;created_timestamp&quot;:&quot;1268991955&quot;,&quot;copyright&quot;:&quot;&quot;,&quot;focal_length&quot;:&quot;4.1&quot;,&quot;iso&quot;:&quot;80&quot;,&quot;shutter_speed&quot;:&quot;0.016666666666667&quot;,&quot;title&quot;:&quot;&quot;,&quot;orientation&quot;:&quot;1&quot;}\" data-image-title=\"10 Attelee avec la Yole12x9\" data-image-description=\"\" data-image-caption=\"&lt;p&gt;La yole sur le canot: Jeu de constructions&amp;#8230;&lt;\/p&gt;\n\" data-large-file=\"https:\/\/i0.wp.com\/www.voilesdantan.org\/wp-content\/uploads\/2010\/06\/10-Attelee-avec-la-Yole12x9.jpg?fit=360%2C270&amp;ssl=1\" class=\"size-medium wp-image-1229\" title=\"10 Attelee avec la Yole12x9\" src=\"https:\/\/i0.wp.com\/www.voilesdantan.org\/wp-content\/uploads\/2010\/06\/10-Attelee-avec-la-Yole12x9-300x225.jpg?resize=300%2C225\" alt=\"\" width=\"300\" height=\"225\" srcset=\"https:\/\/i0.wp.com\/www.voilesdantan.org\/wp-content\/uploads\/2010\/06\/10-Attelee-avec-la-Yole12x9.jpg?resize=300%2C225&amp;ssl=1 300w, https:\/\/i0.wp.com\/www.voilesdantan.org\/wp-content\/uploads\/2010\/06\/10-Attelee-avec-la-Yole12x9.jpg?w=360&amp;ssl=1 360w\" sizes=\"auto, (max-width: 300px) 100vw, 300px\" \/><\/a><p id=\"caption-attachment-1229\" class=\"wp-caption-text\">La yole sur le canot: Jeu de constructions...<\/p><\/div>\n<p>Le transport s&rsquo;est bien pass\u00e9&#8230;<\/p>\n<p>Le canot et la yole arrivent \u00e0 l&rsquo;atelier.<\/p>\n<p>Sp\u00e9l\u00e9ologie!<\/p>\n<div id=\"attachment_1230\" style=\"width: 310px\" class=\"wp-caption aligncenter\"><a href=\"https:\/\/i0.wp.com\/www.voilesdantan.org\/wp-content\/uploads\/2010\/06\/11-Expertise-de-la-Yole12x9.jpg\"><img data-recalc-dims=\"1\" loading=\"lazy\" decoding=\"async\" aria-describedby=\"caption-attachment-1230\" data-attachment-id=\"1230\" data-permalink=\"https:\/\/www.voilesdantan.org\/11-expertise-de-la-yole12x9\/\" data-orig-file=\"https:\/\/i0.wp.com\/www.voilesdantan.org\/wp-content\/uploads\/2010\/06\/11-Expertise-de-la-Yole12x9.jpg?fit=360%2C270&amp;ssl=1\" data-orig-size=\"360,270\" data-comments-opened=\"0\" data-image-meta=\"{&quot;aperture&quot;:&quot;4&quot;,&quot;credit&quot;:&quot;&quot;,&quot;camera&quot;:&quot;DMC-TZ6&quot;,&quot;caption&quot;:&quot;&quot;,&quot;created_timestamp&quot;:&quot;1268997784&quot;,&quot;copyright&quot;:&quot;&quot;,&quot;focal_length&quot;:&quot;4.1&quot;,&quot;iso&quot;:&quot;80&quot;,&quot;shutter_speed&quot;:&quot;0.005&quot;,&quot;title&quot;:&quot;&quot;,&quot;orientation&quot;:&quot;1&quot;}\" data-image-title=\"11 Expertise de la Yole12x9\" data-image-description=\"\" data-image-caption=\"&lt;p&gt;Expertise de la yole&lt;\/p&gt;\n\" data-large-file=\"https:\/\/i0.wp.com\/www.voilesdantan.org\/wp-content\/uploads\/2010\/06\/11-Expertise-de-la-Yole12x9.jpg?fit=360%2C270&amp;ssl=1\" class=\"size-medium wp-image-1230\" title=\"11 Expertise de la Yole12x9\" src=\"https:\/\/i0.wp.com\/www.voilesdantan.org\/wp-content\/uploads\/2010\/06\/11-Expertise-de-la-Yole12x9-300x225.jpg?resize=300%2C225\" alt=\"\" width=\"300\" height=\"225\" srcset=\"https:\/\/i0.wp.com\/www.voilesdantan.org\/wp-content\/uploads\/2010\/06\/11-Expertise-de-la-Yole12x9.jpg?resize=300%2C225&amp;ssl=1 300w, https:\/\/i0.wp.com\/www.voilesdantan.org\/wp-content\/uploads\/2010\/06\/11-Expertise-de-la-Yole12x9.jpg?w=360&amp;ssl=1 360w\" sizes=\"auto, (max-width: 300px) 100vw, 300px\" \/><\/a><p id=\"caption-attachment-1230\" class=\"wp-caption-text\">Expertise de la yole<\/p><\/div>\n<p>La yole n&rsquo;est d\u00e9finitivement pas r\u00e9cup\u00e9rable, mais \u00e7a ne nous emp\u00eache pas de remettre en place son accastillage et sa structure pour comprendre sa construction&#8230;<\/p>\n<p>Le canot rejoint son emplacement<\/p>\n<div id=\"attachment_1231\" style=\"width: 310px\" class=\"wp-caption aligncenter\"><a href=\"https:\/\/i0.wp.com\/www.voilesdantan.org\/wp-content\/uploads\/2010\/06\/12-La-barque-a-l-atelier12x9.jpg\"><img data-recalc-dims=\"1\" loading=\"lazy\" decoding=\"async\" aria-describedby=\"caption-attachment-1231\" data-attachment-id=\"1231\" data-permalink=\"https:\/\/www.voilesdantan.org\/12-la-barque-a-l-atelier12x9\/\" data-orig-file=\"https:\/\/i0.wp.com\/www.voilesdantan.org\/wp-content\/uploads\/2010\/06\/12-La-barque-a-l-atelier12x9.jpg?fit=360%2C270&amp;ssl=1\" data-orig-size=\"360,270\" data-comments-opened=\"0\" data-image-meta=\"{&quot;aperture&quot;:&quot;4.3&quot;,&quot;credit&quot;:&quot;&quot;,&quot;camera&quot;:&quot;DMC-TZ6&quot;,&quot;caption&quot;:&quot;&quot;,&quot;created_timestamp&quot;:&quot;1268997813&quot;,&quot;copyright&quot;:&quot;&quot;,&quot;focal_length&quot;:&quot;15.8&quot;,&quot;iso&quot;:&quot;160&quot;,&quot;shutter_speed&quot;:&quot;0.025&quot;,&quot;title&quot;:&quot;&quot;,&quot;orientation&quot;:&quot;1&quot;}\" data-image-title=\"12 La barque a l atelier12x9\" data-image-description=\"\" data-image-caption=\"&lt;p&gt;La barque \u00e0 l&amp;rsquo;atelier&lt;\/p&gt;\n\" data-large-file=\"https:\/\/i0.wp.com\/www.voilesdantan.org\/wp-content\/uploads\/2010\/06\/12-La-barque-a-l-atelier12x9.jpg?fit=360%2C270&amp;ssl=1\" class=\"size-medium wp-image-1231\" title=\"12 La barque a l atelier12x9\" src=\"https:\/\/i0.wp.com\/www.voilesdantan.org\/wp-content\/uploads\/2010\/06\/12-La-barque-a-l-atelier12x9-300x225.jpg?resize=300%2C225\" alt=\"\" width=\"300\" height=\"225\" srcset=\"https:\/\/i0.wp.com\/www.voilesdantan.org\/wp-content\/uploads\/2010\/06\/12-La-barque-a-l-atelier12x9.jpg?resize=300%2C225&amp;ssl=1 300w, https:\/\/i0.wp.com\/www.voilesdantan.org\/wp-content\/uploads\/2010\/06\/12-La-barque-a-l-atelier12x9.jpg?w=360&amp;ssl=1 360w\" sizes=\"auto, (max-width: 300px) 100vw, 300px\" \/><\/a><p id=\"caption-attachment-1231\" class=\"wp-caption-text\">La barque \u00e0 l'atelier<\/p><\/div>\n<p>Et dans les semaines qui suivent, les travaux commencent: Priorit\u00e9 au d\u00e9montage et au d\u00e9capage pour faire le bilan des travaux \u00e0 effectuer.<\/p>\n<p>D\u00e9montage du carque (pont avant) et des bancs<\/p>\n<div id=\"attachment_1232\" style=\"width: 310px\" class=\"wp-caption aligncenter\"><a href=\"https:\/\/i0.wp.com\/www.voilesdantan.org\/wp-content\/uploads\/2010\/06\/13-La-gueule-ouverte12x9.jpg\"><img data-recalc-dims=\"1\" loading=\"lazy\" decoding=\"async\" aria-describedby=\"caption-attachment-1232\" data-attachment-id=\"1232\" data-permalink=\"https:\/\/www.voilesdantan.org\/13-la-gueule-ouverte12x9\/\" data-orig-file=\"https:\/\/i0.wp.com\/www.voilesdantan.org\/wp-content\/uploads\/2010\/06\/13-La-gueule-ouverte12x9.jpg?fit=360%2C270&amp;ssl=1\" data-orig-size=\"360,270\" data-comments-opened=\"0\" data-image-meta=\"{&quot;aperture&quot;:&quot;3.3&quot;,&quot;credit&quot;:&quot;&quot;,&quot;camera&quot;:&quot;DMC-TZ6&quot;,&quot;caption&quot;:&quot;&quot;,&quot;created_timestamp&quot;:&quot;1269010880&quot;,&quot;copyright&quot;:&quot;&quot;,&quot;focal_length&quot;:&quot;4.1&quot;,&quot;iso&quot;:&quot;160&quot;,&quot;shutter_speed&quot;:&quot;0.033333333333333&quot;,&quot;title&quot;:&quot;&quot;,&quot;orientation&quot;:&quot;1&quot;}\" data-image-title=\"13 La gueule ouverte12x9\" data-image-description=\"\" data-image-caption=\"&lt;p&gt;La gueule grande ouverte: Le canot, bien s\u00fbr!&lt;\/p&gt;\n\" data-large-file=\"https:\/\/i0.wp.com\/www.voilesdantan.org\/wp-content\/uploads\/2010\/06\/13-La-gueule-ouverte12x9.jpg?fit=360%2C270&amp;ssl=1\" class=\"size-medium wp-image-1232\" title=\"13 La gueule ouverte12x9\" src=\"https:\/\/i0.wp.com\/www.voilesdantan.org\/wp-content\/uploads\/2010\/06\/13-La-gueule-ouverte12x9-300x225.jpg?resize=300%2C225\" alt=\"\" width=\"300\" height=\"225\" srcset=\"https:\/\/i0.wp.com\/www.voilesdantan.org\/wp-content\/uploads\/2010\/06\/13-La-gueule-ouverte12x9.jpg?resize=300%2C225&amp;ssl=1 300w, https:\/\/i0.wp.com\/www.voilesdantan.org\/wp-content\/uploads\/2010\/06\/13-La-gueule-ouverte12x9.jpg?w=360&amp;ssl=1 360w\" sizes=\"auto, (max-width: 300px) 100vw, 300px\" \/><\/a><p id=\"caption-attachment-1232\" class=\"wp-caption-text\">La gueule grande ouverte: Le canot, bien s\u00fbr!<\/p><\/div>\n<p>D\u00e9capage des (nombreuses) couches de peinture&#8230;<\/p>\n<p>Les travaux, organis\u00e9s de main de ma\u00eetre par Pierrot et Michel, donnent le bilan suivant:<\/p>\n<p>Partie avant seine, ce qui n&rsquo;est pas \u00e9vident avec un coffre ferm\u00e9 source de condensation. Seuls la pr\u00e9ceinte (bord\u00e9 du haut) et le plat bord ont souffert du reclouage du pont (\u00e0 tribord) et de la jonction mal faite avec le brise-lames des deux c\u00f4t\u00e9s. On le voit tr\u00e8s bien sur la photo ci-dessous, il y aura un peu de bois \u00e0 refaire&#8230;<\/p>\n<div id=\"attachment_1233\" style=\"width: 310px\" class=\"wp-caption aligncenter\"><a href=\"https:\/\/i0.wp.com\/www.voilesdantan.org\/wp-content\/uploads\/2010\/06\/14-Avant-Mai-201012x9.jpg\"><img data-recalc-dims=\"1\" loading=\"lazy\" decoding=\"async\" aria-describedby=\"caption-attachment-1233\" data-attachment-id=\"1233\" data-permalink=\"https:\/\/www.voilesdantan.org\/14-avant-mai-201012x9\/\" data-orig-file=\"https:\/\/i0.wp.com\/www.voilesdantan.org\/wp-content\/uploads\/2010\/06\/14-Avant-Mai-201012x9-1.jpg?fit=340%2C255&amp;ssl=1\" data-orig-size=\"340,255\" data-comments-opened=\"0\" data-image-meta=\"{&quot;aperture&quot;:&quot;2.8&quot;,&quot;credit&quot;:&quot;&quot;,&quot;camera&quot;:&quot;DMC-FX12&quot;,&quot;caption&quot;:&quot;&quot;,&quot;created_timestamp&quot;:&quot;1274435879&quot;,&quot;copyright&quot;:&quot;&quot;,&quot;focal_length&quot;:&quot;5.8&quot;,&quot;iso&quot;:&quot;125&quot;,&quot;shutter_speed&quot;:&quot;0.033333333333333&quot;,&quot;title&quot;:&quot;&quot;,&quot;orientation&quot;:&quot;1&quot;}\" data-image-title=\"14 Avant Mai 201012&amp;#215;9\" data-image-description=\"\" data-image-caption=\"&lt;p&gt;Partie avant  fin Mai 2010&lt;\/p&gt;\n\" data-large-file=\"https:\/\/i0.wp.com\/www.voilesdantan.org\/wp-content\/uploads\/2010\/06\/14-Avant-Mai-201012x9-1.jpg?fit=340%2C255&amp;ssl=1\" class=\"size-medium wp-image-1233\" title=\"14 Avant Mai 201012x9\" src=\"https:\/\/i0.wp.com\/www.voilesdantan.org\/wp-content\/uploads\/2010\/06\/14-Avant-Mai-201012x9-300x225.jpg?resize=300%2C225\" alt=\"\" width=\"300\" height=\"225\"><\/a><p id=\"caption-attachment-1233\" class=\"wp-caption-text\">Partie avant  fin Mai 2010<\/p><\/div>\n<p>Dans les fonds, il y a une douzaine de courbes (membrures) \u00e0 changer, principalement \u00e0 l&rsquo;arri\u00e8re tribord, ce que nous avions vu d\u00e8s le d\u00e9but. Deux varangues de fond sont \u00e0 refaire, toujours \u00e0 l&rsquo;arri\u00e8re, ainsi que tout ou partie de deux bord\u00e9s de coque.<\/p>\n<div id=\"attachment_1239\" style=\"width: 310px\" class=\"wp-caption aligncenter\"><a href=\"https:\/\/i0.wp.com\/www.voilesdantan.org\/wp-content\/uploads\/2010\/06\/15-Arriere-Mai-201012x9.jpg\"><img data-recalc-dims=\"1\" loading=\"lazy\" decoding=\"async\" aria-describedby=\"caption-attachment-1239\" data-attachment-id=\"1239\" data-permalink=\"https:\/\/www.voilesdantan.org\/15-arriere-mai-201012x9\/\" data-orig-file=\"https:\/\/i0.wp.com\/www.voilesdantan.org\/wp-content\/uploads\/2010\/06\/15-Arriere-Mai-201012x9-1.jpg?fit=340%2C255&amp;ssl=1\" data-orig-size=\"340,255\" data-comments-opened=\"0\" data-image-meta=\"{&quot;aperture&quot;:&quot;2.8&quot;,&quot;credit&quot;:&quot;&quot;,&quot;camera&quot;:&quot;DMC-FX12&quot;,&quot;caption&quot;:&quot;&quot;,&quot;created_timestamp&quot;:&quot;1274435891&quot;,&quot;copyright&quot;:&quot;&quot;,&quot;focal_length&quot;:&quot;5.8&quot;,&quot;iso&quot;:&quot;320&quot;,&quot;shutter_speed&quot;:&quot;0.033333333333333&quot;,&quot;title&quot;:&quot;&quot;,&quot;orientation&quot;:&quot;1&quot;}\" data-image-title=\"15 Arriere Mai 201012&amp;#215;9\" data-image-description=\"\" data-image-caption=\"&lt;p&gt;Partie arri\u00e8re fin Mai 2010&lt;\/p&gt;\n\" data-large-file=\"https:\/\/i0.wp.com\/www.voilesdantan.org\/wp-content\/uploads\/2010\/06\/15-Arriere-Mai-201012x9-1.jpg?fit=340%2C255&amp;ssl=1\" class=\"size-medium wp-image-1239\" title=\"15 Arriere Mai 201012x9\" src=\"https:\/\/i0.wp.com\/www.voilesdantan.org\/wp-content\/uploads\/2010\/06\/15-Arriere-Mai-201012x9-300x225.jpg?resize=300%2C225\" alt=\"\" width=\"300\" height=\"225\"><\/a><p id=\"caption-attachment-1239\" class=\"wp-caption-text\">Partie arri\u00e8re fin Mai 2010<\/p><\/div>\n<p>Le but \u00e9tant de transformer ce canot du L\u00e9man en chaloupe (canot gr\u00e9\u00e9), avec une voile latine ou aurique, le trou visible \u00e0 tribord dans le galbord et le ribord (les deux bord\u00e9s longeant la quille) n&rsquo;est pas un probl\u00e8me: Il va nous falloir construire un puits de d\u00e9rive qui sera lat\u00e9ral \u00e0 la quille car celle-ci ne mesure que 7 cm de large. Et devinez quoi? Le trou dans les bord\u00e9s est pile poil au bon endroit!<\/p>\n<p>Il est en effet p\u00e9rilleux de passer la d\u00e9rive dans une fente \u00e0 travers une quille de moins de 10 cm, ou alors cela n\u00e9cessite des travaux de renfort que nous ne souhaitons pas entreprendre pour ce projet. Par ailleurs, de nombreux canots gr\u00e9\u00e9s, y compris construits ou transform\u00e9s par des professionnels, b\u00e9n\u00e9ficient sur le L\u00e9man d&rsquo;un montage \u00e0 d\u00e9rive lat\u00e9rale et non \u00e0 travers la quille sans que cela nuise en rien \u00e0 leurs performances.<\/p>\n<div id=\"attachment_1234\" style=\"width: 310px\" class=\"wp-caption aligncenter\"><a href=\"https:\/\/i0.wp.com\/www.voilesdantan.org\/wp-content\/uploads\/2010\/06\/16-Vue-d-ensemble-Mai-201012x9.jpg\"><img data-recalc-dims=\"1\" loading=\"lazy\" decoding=\"async\" aria-describedby=\"caption-attachment-1234\" data-attachment-id=\"1234\" data-permalink=\"https:\/\/www.voilesdantan.org\/16-vue-d-ensemble-mai-201012x9\/\" data-orig-file=\"https:\/\/i0.wp.com\/www.voilesdantan.org\/wp-content\/uploads\/2010\/06\/16-Vue-d-ensemble-Mai-201012x9-1.jpg?fit=340%2C255&amp;ssl=1\" data-orig-size=\"340,255\" data-comments-opened=\"0\" data-image-meta=\"{&quot;aperture&quot;:&quot;2.8&quot;,&quot;credit&quot;:&quot;&quot;,&quot;camera&quot;:&quot;DMC-FX12&quot;,&quot;caption&quot;:&quot;&quot;,&quot;created_timestamp&quot;:&quot;1274435943&quot;,&quot;copyright&quot;:&quot;&quot;,&quot;focal_length&quot;:&quot;5.8&quot;,&quot;iso&quot;:&quot;320&quot;,&quot;shutter_speed&quot;:&quot;0.033333333333333&quot;,&quot;title&quot;:&quot;&quot;,&quot;orientation&quot;:&quot;1&quot;}\" data-image-title=\"16 Vue d ensemble Mai 201012&amp;#215;9\" data-image-description=\"\" data-image-caption=\"&lt;p&gt;Vue d&amp;rsquo;ensemble \u00e0 fin Mai 2010&lt;\/p&gt;\n\" data-large-file=\"https:\/\/i0.wp.com\/www.voilesdantan.org\/wp-content\/uploads\/2010\/06\/16-Vue-d-ensemble-Mai-201012x9-1.jpg?fit=340%2C255&amp;ssl=1\" class=\"size-medium wp-image-1234\" title=\"16 Vue d ensemble Mai 201012x9\" src=\"https:\/\/i0.wp.com\/www.voilesdantan.org\/wp-content\/uploads\/2010\/06\/16-Vue-d-ensemble-Mai-201012x9-300x225.jpg?resize=300%2C225\" alt=\"\" width=\"300\" height=\"225\"><\/a><p id=\"caption-attachment-1234\" class=\"wp-caption-text\">Vue d'ensemble \u00e0 fin Mai 2010<\/p><\/div>\n<p>Les travaux sont interrompus pour la saison d&rsquo;\u00e9t\u00e9, le temps de naviguer un peu, et aussi de prendre contact avec No\u00ebl Charmillot, m\u00e9moire vivante des vieux gr\u00e9ements du L\u00e9man et Jean-Philippe \u00ab\u00a0Mayu\u00a0\u00bb Mayerat, le pape des canots, afin de finaliser nos options (taille de la d\u00e9rive, surface et type de la grand voile&#8230;)<\/p>\n<p>La reconstruction reprendra d\u00e8s cet automne, et si vous \u00eates int\u00e9ress\u00e9s par ce type de projet, faites-vous conna\u00eetre: Nous sommes preneurs de toutes les bonnes volont\u00e9s.<\/p>\n<p>Il y a, par ailleurs, beaucoup d&rsquo;autres canots \u00e0 sauver et j&rsquo;en connais personnellement 2 ou 3 qui ne demandent qu&rsquo;\u00e0 \u00eatre restaur\u00e9s par un amoureux du bois motiv\u00e9, si vous pr\u00e9f\u00e9rez travailler \u00e0 titre individuel&#8230;<\/p>\n<p>Et comme on m&rsquo;a appris que pour bien vendre un projet, il fallait faire r\u00eaver, voici une derni\u00e8re image&#8230;<\/p>\n<div id=\"attachment_1235\" style=\"width: 435px\" class=\"wp-caption aligncenter\"><a href=\"https:\/\/i0.wp.com\/www.voilesdantan.org\/wp-content\/uploads\/2010\/06\/Chaloupe-15x10.jpg\"><img data-recalc-dims=\"1\" loading=\"lazy\" decoding=\"async\" aria-describedby=\"caption-attachment-1235\" data-attachment-id=\"1235\" data-permalink=\"https:\/\/www.voilesdantan.org\/chaloupe-15x10\/\" data-orig-file=\"https:\/\/i0.wp.com\/www.voilesdantan.org\/wp-content\/uploads\/2010\/06\/Chaloupe-15x10-1.jpg?fit=425%2C285&amp;ssl=1\" data-orig-size=\"425,285\" data-comments-opened=\"0\" data-image-meta=\"{&quot;aperture&quot;:&quot;11&quot;,&quot;credit&quot;:&quot;&quot;,&quot;camera&quot;:&quot;PENTAX K10D&quot;,&quot;caption&quot;:&quot;&quot;,&quot;created_timestamp&quot;:&quot;1217686139&quot;,&quot;copyright&quot;:&quot;&quot;,&quot;focal_length&quot;:&quot;55&quot;,&quot;iso&quot;:&quot;100&quot;,&quot;shutter_speed&quot;:&quot;0.002&quot;,&quot;title&quot;:&quot;&quot;,&quot;orientation&quot;:&quot;1&quot;}\" data-image-title=\"Chaloupe 15&amp;#215;10\" data-image-description=\"\" data-image-caption=\"&lt;p&gt;Quoi de plus beau qu&amp;rsquo;une Chaloupe du L\u00e9man?&lt;\/p&gt;\n\" data-large-file=\"https:\/\/i0.wp.com\/www.voilesdantan.org\/wp-content\/uploads\/2010\/06\/Chaloupe-15x10-1.jpg?fit=425%2C285&amp;ssl=1\" class=\"size-full wp-image-1235\" title=\"Chaloupe 15x10\" src=\"https:\/\/i0.wp.com\/www.voilesdantan.org\/wp-content\/uploads\/2010\/06\/Chaloupe-15x10.jpg?resize=425%2C285\" alt=\"\" width=\"425\" height=\"285\"><\/a><p id=\"caption-attachment-1235\" class=\"wp-caption-text\">Quoi de plus beau qu'une Chaloupe du L\u00e9man?<\/p><\/div>\n<p>JF Traini<\/p>\n<p><a href=\"http:\/\/www.voilesdantan.org\/wp-content\/uploads\/2010\/06\/8-Retournee-et-sur-la-remorque12x9.jpg\"><br \/>\n<\/a><\/p>\n","protected":false},"excerpt":{"rendered":"<p class=\"qua-blog-post-description\">C&rsquo;est la deuxi\u00e8me fois que notre association d\u00e9roge \u00e0 la r\u00e8gle qui veut que tout bateau qui rentre dans nos locaux ait un propri\u00e9taire, y compris ceux qu&rsquo;on nous donne et que nous ne reprenons qu&rsquo;apr\u00e8s avoir trouv\u00e9 un passionn\u00e9 susceptible de mener \u00e0 bien la restauration qui lui permettra d&rsquo;avoir une seconde vie. Des [&hellip;]<\/p>\n","protected":false},"author":1,"featured_media":1229,"comment_status":"closed","ping_status":"closed","sticky":false,"template":"","format":"standard","meta":{"advanced_seo_description":"","jetpack_seo_html_title":"","jetpack_seo_noindex":false,"jetpack_post_was_ever_published":false,"_jetpack_newsletter_access":"","_jetpack_dont_email_post_to_subs":false,"_jetpack_newsletter_tier_id":0,"_jetpack_memberships_contains_paywalled_content":false,"_jetpack_memberships_contains_paid_content":false,"footnotes":""},"categories":[7],"tags":[47,12,15,18,48,20,22,25],"class_list":["post-1216","post","type-post","status-publish","format-standard","has-post-thumbnail","hentry","category-patrimoine-lemanique","tag-acajou","tag-barque","tag-bateaux-bois","tag-canot","tag-chaloupe","tag-leman","tag-restauration","tag-vieux-greements"],"jetpack_featured_media_url":"https:\/\/i0.wp.com\/www.voilesdantan.org\/wp-content\/uploads\/2010\/06\/10-Attelee-avec-la-Yole12x9.jpg?fit=360%2C270&ssl=1","jetpack-related-posts":[{"id":2243,"url":"https:\/\/www.voilesdantan.org\/index.php\/2013\/03\/09\/andre-guex-et-les-vents-du-leman\/","url_meta":{"origin":1216,"position":0},"title":"Andr\u00e9 Guex et les Vents du L\u00e9man","author":"GrenierFlorent","date":"9 mars 2013","format":false,"excerpt":"Andr\u00e9 Guex est n\u00e9 le 8 mai 1904, \u00e0 Vevey. Il \u00e9tudie \u00e0 l'Universit\u00e9 de Lausanne, o\u00f9 il obtient un doctorat en Lettres. Il enseigne au coll\u00e8ge puis au Gymnase Classique \u00e0 Lausanne (1934-1965). Andr\u00e9 Guex a \u00e9t\u00e9, sa vie durant, un passionn\u00e9 de navigation et de montagne. Le lac\u2026","rel":"","context":"Dans &quot;Patrimoine L\u00e9manique&quot;","block_context":{"text":"Patrimoine L\u00e9manique","link":"https:\/\/www.voilesdantan.org\/index.php\/category\/patrimoine-lemanique\/"},"img":{"alt_text":"Andr\u00e9 Guex","src":"https:\/\/i0.wp.com\/www.voilesdantan.org\/wp-content\/uploads\/2013\/03\/Andr%C3%A9-Guex1.jpg?resize=350%2C200","width":350,"height":200},"classes":[]},{"id":2078,"url":"https:\/\/www.voilesdantan.org\/index.php\/2012\/02\/24\/snipe-deriveur-leman\/","url_meta":{"origin":1216,"position":1},"title":"Snipe : Les belles ann\u00e9es des d\u00e9riveurs du L\u00e9man","author":"GrenierFlorent","date":"24 f\u00e9vrier 2012","format":false,"excerpt":"\"Avec ce bateau vous ne sortirez jamais du port !...\" Le moral \u00e9tait d\u00e9j\u00e0 bas, pour nous marins d'eau douce, livr\u00e9s \u00e0 une mer d\u00e9cha\u00een\u00e9e, et ces paroles d'un loup de mer achev\u00e8rent de nous \u00f4ter le plaisir que nous avions \u00e0 participer aux Championnats de France. Par contre, l'\u2026","rel":"","context":"Dans &quot;Patrimoine L\u00e9manique&quot;","block_context":{"text":"Patrimoine L\u00e9manique","link":"https:\/\/www.voilesdantan.org\/index.php\/category\/patrimoine-lemanique\/"},"img":{"alt_text":"","src":"https:\/\/i0.wp.com\/www.voilesdantan.org\/wp-content\/uploads\/2012\/02\/snipes.jpg?fit=449%2C317&ssl=1&resize=350%2C200","width":350,"height":200},"classes":[]},{"id":2080,"url":"https:\/\/www.voilesdantan.org\/index.php\/2012\/02\/27\/herreshoff-et-le-leman\/","url_meta":{"origin":1216,"position":2},"title":"Herreshoff et le L\u00e9man","author":"GrenierFlorent","date":"27 f\u00e9vrier 2012","format":false,"excerpt":"En voil\u00e0 donc un lien improbable entre \"le meilleur architecte naval de tous les temps\", comme certains n'ont pas h\u00e9sit\u00e9 \u00e0 l'appeler, et \"l'Oc\u00e9an des Alpes\",\u00a0 notre cher L\u00e9man... Nathanael Greene Herreshoff, \"Bristol Wizard\" Encore faudrait-il que ce lien existe: A ma connaissance, il n'y a pas de belle coque\u2026","rel":"","context":"Dans &quot;Patrimoine L\u00e9manique&quot;","block_context":{"text":"Patrimoine L\u00e9manique","link":"https:\/\/www.voilesdantan.org\/index.php\/category\/patrimoine-lemanique\/"},"img":{"alt_text":"","src":"https:\/\/i0.wp.com\/www.voilesdantan.org\/wp-content\/uploads\/2012\/02\/Oriole_NY_30.jpg?resize=350%2C200&ssl=1","width":350,"height":200},"classes":[]},{"id":382,"url":"https:\/\/www.voilesdantan.org\/index.php\/2009\/08\/05\/les-bateaux-de-costaguta-sur-le-leman\/","url_meta":{"origin":1216,"position":3},"title":"Les bateaux de Costaguta sur le L\u00e9man","author":"GrenierFlorent","date":"5 ao\u00fbt 2009","format":false,"excerpt":"De 1908 \u00e0 1912, plusieurs yachts italiens de grande qualit\u00e9 apparaissent dans les eaux genevoises. Il est int\u00e9ressant de comprendre pourquoi certains navigateurs de la SNG se sont tourn\u00e9s soudain vers le fameux constructeur de Voltri. Le 2 tonneaux Calliope et les bateaux de Costaguta sur le L\u00e9man","rel":"","context":"Dans &quot;Patrimoine L\u00e9manique&quot;","block_context":{"text":"Patrimoine L\u00e9manique","link":"https:\/\/www.voilesdantan.org\/index.php\/category\/patrimoine-lemanique\/"},"img":{"alt_text":"","src":"https:\/\/i0.wp.com\/www.voilesdantan.org\/wp-content\/uploads\/2009\/08\/Titania.png?fit=566%2C524&ssl=1&resize=350%2C200","width":350,"height":200,"srcset":"https:\/\/i0.wp.com\/www.voilesdantan.org\/wp-content\/uploads\/2009\/08\/Titania.png?fit=566%2C524&ssl=1&resize=350%2C200 1x, https:\/\/i0.wp.com\/www.voilesdantan.org\/wp-content\/uploads\/2009\/08\/Titania.png?fit=566%2C524&ssl=1&resize=525%2C300 1.5x"},"classes":[]},{"id":1319,"url":"https:\/\/www.voilesdantan.org\/index.php\/2010\/09\/08\/journees-portes-ouvertes-a-laval-le-dimanche-19-septembre\/","url_meta":{"origin":1216,"position":4},"title":"Journ\u00e9es portes ouvertes \u00e0 l&rsquo;AVAL le dimanche 19 septembre","author":"GrenierFlorent","date":"8 septembre 2010","format":false,"excerpt":"Dans le cadre des \"Journ\u00e9es europ\u00e9ennes du Patrimoine\", l'association Atelier des Voiles d'Antan du L\u00e9man est heureuse de vous convier \u00e0 une journ\u00e9e \"Portes ouvertes\" le Dimanche 19 Septembre 2010 de 9 heures \u00e0 16 heures, 994 route du Lac \u00e0 Chens sur L\u00e9man. Un ap\u00e9ritif sera servi \u00e0 partir\u2026","rel":"","context":"Dans &quot;Derni\u00e8res nouvelles&quot;","block_context":{"text":"Derni\u00e8res nouvelles","link":"https:\/\/www.voilesdantan.org\/index.php\/category\/dernieres-nouvelles\/"},"img":{"alt_text":"","src":"https:\/\/i0.wp.com\/www.voilesdantan.org\/wp-content\/uploads\/2010\/09\/P10104891-300x225.jpg?resize=350%2C200","width":350,"height":200},"classes":[]},{"id":2412,"url":"https:\/\/www.voilesdantan.org\/index.php\/2014\/02\/03\/liste-des-voiliers-du-leman-en-1946\/","url_meta":{"origin":1216,"position":5},"title":"Liste des voiliers du L\u00e9man en 1946","author":"GrenierFlorent","date":"3 f\u00e9vrier 2014","format":false,"excerpt":"J'ai re\u00e7u il y a quelques temps d\u00e9j\u00e0 une enveloppe quelque peu myst\u00e9rieuse qui \u00e9tait libell\u00e9e ainsi: \"A notre \u00e9minent Pr\u00e9sident et son non moins honorable Tr\u00e9sorier, pour que vive l'AVAL. Amicalement, Jean-Claude (Aux bons soins de Paul)\". Dans cette enveloppe, j'ai eu la joie de d\u00e9couvrir - outre la\u2026","rel":"","context":"Dans &quot;Patrimoine L\u00e9manique&quot;","block_context":{"text":"Patrimoine L\u00e9manique","link":"https:\/\/www.voilesdantan.org\/index.php\/category\/patrimoine-lemanique\/"},"img":{"alt_text":"Liste des voiliers du L\u00e9man - 1946","src":"https:\/\/i0.wp.com\/www.voilesdantan.org\/wp-content\/uploads\/2014\/02\/voiliersduleman1946SNG.jpg?fit=411%2C255&ssl=1&resize=350%2C200","width":350,"height":200},"classes":[]}],"jetpack_shortlink":"https:\/\/wp.me\/pcN3JF-jC","jetpack_sharing_enabled":true,"_links":{"self":[{"href":"https:\/\/www.voilesdantan.org\/index.php\/wp-json\/wp\/v2\/posts\/1216","targetHints":{"allow":["GET"]}}],"collection":[{"href":"https:\/\/www.voilesdantan.org\/index.php\/wp-json\/wp\/v2\/posts"}],"about":[{"href":"https:\/\/www.voilesdantan.org\/index.php\/wp-json\/wp\/v2\/types\/post"}],"author":[{"embeddable":true,"href":"https:\/\/www.voilesdantan.org\/index.php\/wp-json\/wp\/v2\/users\/1"}],"replies":[{"embeddable":true,"href":"https:\/\/www.voilesdantan.org\/index.php\/wp-json\/wp\/v2\/comments?post=1216"}],"version-history":[{"count":1,"href":"https:\/\/www.voilesdantan.org\/index.php\/wp-json\/wp\/v2\/posts\/1216\/revisions"}],"predecessor-version":[{"id":3904,"href":"https:\/\/www.voilesdantan.org\/index.php\/wp-json\/wp\/v2\/posts\/1216\/revisions\/3904"}],"wp:featuredmedia":[{"embeddable":true,"href":"https:\/\/www.voilesdantan.org\/index.php\/wp-json\/wp\/v2\/media\/1229"}],"wp:attachment":[{"href":"https:\/\/www.voilesdantan.org\/index.php\/wp-json\/wp\/v2\/media?parent=1216"}],"wp:term":[{"taxonomy":"category","embeddable":true,"href":"https:\/\/www.voilesdantan.org\/index.php\/wp-json\/wp\/v2\/categories?post=1216"},{"taxonomy":"post_tag","embeddable":true,"href":"https:\/\/www.voilesdantan.org\/index.php\/wp-json\/wp\/v2\/tags?post=1216"}],"curies":[{"name":"wp","href":"https:\/\/api.w.org\/{rel}","templated":true}]}}